{"id":40919,"date":"2021-08-19T20:45:41","date_gmt":"2021-08-19T23:45:41","guid":{"rendered":"https:\/\/vocesparalelas.com.ar\/sitio\/?p=40919"},"modified":"2021-08-21T00:37:51","modified_gmt":"2021-08-21T03:37:51","slug":"clases-de-apoyo-presenciales-para-estudiantes-del-primario-y-secundario-de-rivadavia","status":"publish","type":"post","link":"https:\/\/vocesparalelas.com.ar\/sitio\/clases-de-apoyo-presenciales-para-estudiantes-del-primario-y-secundario-de-rivadavia\/","title":{"rendered":"Clases de Apoyo presenciales para estudiantes del Primario y Secundario de Rivadavia"},"content":{"rendered":"<p>La Municipalidad de Rivadavia informa que contin\u00faan las clases de apoyo escolar, de manera presencial, destinadas a alumnos de nivel primario y secundario.<\/p>\n<p>Adem\u00e1s brindan ayuda en idioma ingl\u00e9s de ambos niveles.<\/p>\n<p>Esta actividad, totalmente gratuita, se lleva adelante cumpliendo todos los protocolos sanitarios.<\/p>\n<p><span style=\"color: #339966;\"><strong>Cronograma <\/strong><\/span><\/p>\n<p><strong><span style=\"color: #339966;\">Nivel Primario<\/span><\/strong><\/p>\n<ul>\n<li>\u00a0Lunes de 18 a 20hs. Comuna Zona Sur<\/li>\n<li>\u00a0Martes de 18 a 20hs. Sal\u00f3n de C\u00e1ritas (Parroquia Sgdo. Coraz\u00f3n de Jes\u00fas-Marquesado)<\/li>\n<li>\u00a0Informes e inscripciones: 2645 25-2841(WhatsApp)<\/li>\n<\/ul>\n<p><strong><span style=\"color: #339966;\">\u00a0Nivel Secundario<\/span><\/strong><\/p>\n<ul>\n<li>\u00a0Lunes de 17 a 19hs. Comuna Zona Norte<\/li>\n<li>\u00a0Martes de 18.20 a 20hs. Biblioteca 23 de Septiembre (V\u00ba Seminario)<\/li>\n<li>\u00a0Mi\u00e9rcoles de 18 a 20hs. Biblioteca R\u00f3mulo Fern\u00e1ndez (La Bebida)<\/li>\n<li>Informes e inscripciones: 2645 11-9719 (WhatsApp)<\/li>\n<\/ul>\n<p><strong><span style=\"color: #339966;\">\u00a0Ingl\u00e9s<\/span><\/strong><\/p>\n<ul>\n<li>\u00a0Lunes de 18 a 20hs. Sal\u00f3n Carbajal (Meglioli 979-norte)<\/li>\n<li>\u00a0Martes de 18.30 a 20.30hs. Biblioteca R\u00f3mulo Fern\u00e1ndez (La Bebida)<\/li>\n<li>\u00a0Mi\u00e9rcoles de 18.30 a 20.30hs. Sal\u00f3n de C\u00e1ritas (Parroquia Sgdo. Coraz\u00f3n de Jes\u00fas-Marquesado)<\/li>\n<li>\u00a0Informes e inscripciones: 2645 60-7654 (WhatsApp)<\/li>\n<\/ul>\n<p>Cupos limitados<\/p>\n<p>&nbsp;<\/p>\n<p>&nbsp;<\/p>\n<p>&nbsp;<\/p>\n","protected":false},"excerpt":{"rendered":"<p>La Municipalidad de Rivadavia informa que contin\u00faan las clases de apoyo escolar, de manera presencial, destinadas a alumnos de nivel<\/p>\n","protected":false},"author":3,"featured_media":9398,"comment_status":"closed","ping_status":"closed","sticky":false,"template":"","format":"standard","meta":{"_acf_changed":false,"_seopress_robots_primary_cat":"none","_seopress_titles_title":"","_seopress_titles_desc":"","_seopress_robots_index":"","colormag_page_container_layout":"default_layout","colormag_page_sidebar_layout":"default_layout","footnotes":""},"categories":[2],"tags":[],"class_list":["post-40919","post","type-post","status-publish","format-standard","has-post-thumbnail","hentry","category-convocatorias"],"acf":[],"_links":{"self":[{"href":"https:\/\/vocesparalelas.com.ar\/sitio\/wp-json\/wp\/v2\/posts\/40919","targetHints":{"allow":["GET"]}}],"collection":[{"href":"https:\/\/vocesparalelas.com.ar\/sitio\/wp-json\/wp\/v2\/posts"}],"about":[{"href":"https:\/\/vocesparalelas.com.ar\/sitio\/wp-json\/wp\/v2\/types\/post"}],"author":[{"embeddable":true,"href":"https:\/\/vocesparalelas.com.ar\/sitio\/wp-json\/wp\/v2\/users\/3"}],"replies":[{"embeddable":true,"href":"https:\/\/vocesparalelas.com.ar\/sitio\/wp-json\/wp\/v2\/comments?post=40919"}],"version-history":[{"count":1,"href":"https:\/\/vocesparalelas.com.ar\/sitio\/wp-json\/wp\/v2\/posts\/40919\/revisions"}],"predecessor-version":[{"id":40921,"href":"https:\/\/vocesparalelas.com.ar\/sitio\/wp-json\/wp\/v2\/posts\/40919\/revisions\/40921"}],"wp:featuredmedia":[{"embeddable":true,"href":"https:\/\/vocesparalelas.com.ar\/sitio\/wp-json\/wp\/v2\/media\/9398"}],"wp:attachment":[{"href":"https:\/\/vocesparalelas.com.ar\/sitio\/wp-json\/wp\/v2\/media?parent=40919"}],"wp:term":[{"taxonomy":"category","embeddable":true,"href":"https:\/\/vocesparalelas.com.ar\/sitio\/wp-json\/wp\/v2\/categories?post=40919"},{"taxonomy":"post_tag","embeddable":true,"href":"https:\/\/vocesparalelas.com.ar\/sitio\/wp-json\/wp\/v2\/tags?post=40919"}],"curies":[{"name":"wp","href":"https:\/\/api.w.org\/{rel}","templated":true}]}}