{"id":40917,"date":"2021-08-20T23:59:00","date_gmt":"2021-08-21T02:59:00","guid":{"rendered":"https:\/\/vocesparalelas.com.ar\/sitio\/?p=40917"},"modified":"2021-08-23T00:00:23","modified_gmt":"2021-08-23T03:00:23","slug":"se-reinicia-la-obra-de-construccion-de-la-escuela-de-musica-de-la-ffha-de-la-unsj","status":"publish","type":"post","link":"https:\/\/vocesparalelas.com.ar\/sitio\/se-reinicia-la-obra-de-construccion-de-la-escuela-de-musica-de-la-ffha-de-la-unsj\/","title":{"rendered":"Se reinicia la Obra de construcci\u00f3n de la Escuela de M\u00fasica de la FFHA de la UNSJ"},"content":{"rendered":"<p>En conferencia de prensa, el rector de la UNSJ, Ing. Tadeo Berenguer anunci\u00f3 que, \u00abla empresa seleccionada es Panacam SRL, firma de San Juan, la encargada de dar continuidad a la obra del edificio de la Escuela de M\u00fasica que depende del Departamento de M\u00fasica de la Facultad de Filosof\u00eda, Humanidades y Artes de la Universidad Nacional de San Juan. Comienza la obra a fin de Agosto y el plazo de ejecuci\u00f3n es de un a\u00f1o. Se trata de la cuarta licitaci\u00f3n para esta anhelada obra.<\/p>\n<p><iframe loading=\"lazy\" title=\"UNSJ\" width=\"800\" height=\"450\" src=\"https:\/\/www.youtube.com\/embed\/ohbPSjHJx8o?feature=oembed\" frameborder=\"0\" allow=\"accelerometer; autoplay; clipboard-write; encrypted-media; gyroscope; picture-in-picture\" allowfullscreen><\/iframe><\/p>\n<p>&nbsp;<\/p>\n<p>Luego de la licitaci\u00f3n p\u00fablica nacional para concluir los trabajos de este complejo art\u00edstico cultural, en el que adem\u00e1s funcionar\u00e1n los centros art\u00edsticos Orquestal y Coral de la FFHA de la UNSJ, se supo que ahora el presupuesto oficial para la terminaci\u00f3n del inmueble fue establecido en 117 millones con 81 mil pesos y el plazo de ejecuci\u00f3n de la obra de 360 d\u00edas.<\/p>\n<p>La obra fue tramitada a trav\u00e9s del Ministerio de Obras P\u00fablicas de la Naci\u00f3n y se presentaron cinco empresas. \u201cEl procedimiento de selecci\u00f3n de la empresa no sufri\u00f3 objeci\u00f3n alguna de parte del Ministerio nacional. Las empresas presentadas y la adjudicada est\u00e1n en conocimiento de este proceso de selecci\u00f3n y estamos en la elaboraci\u00f3n del contrato de obra, lo cual no va a ir m\u00e1s all\u00e1 del 30 de agosto\u201d, dijo en la conferencia el rector de la UNSJ, Tadeo Berenguer.<\/p>\n<p>El secretario de Obras de la UNSJ, Ing. Hugo Fern\u00e1ndez, se\u00f1al\u00f3 en la conferencia que lo que est\u00e1 construido hasta ahora (cabe recordar que la anterior empresa abandon\u00f3 la obra) es la parte gruesa del edificio, es decir, fundaciones, muros y dem\u00e1s estructuras. Por ello, en esta etapa que comienza se realizar\u00e1 la terminaci\u00f3n de esa obra, lo que incluye instalaciones sanitarias, de agua y el\u00e9ctricas. \u201cEstamos actuando sobre un proyecto que ya fue aprobado oportunamente por las autoridades competentes de la Provincia, como la Direcci\u00f3n de Planeamiento y Desarrollo Urbano\u201d, destac\u00f3 Fern\u00e1ndez. \u201cLuego de concluida esta parte, habr\u00e1 que pensar en todo lo necesario para el mobiliario y dem\u00e1s\u201d.<\/p>\n<p><iframe loading=\"lazy\" title=\"UNSJ\" width=\"800\" height=\"450\" src=\"https:\/\/www.youtube.com\/embed\/o28Jskh46SU?feature=oembed\" frameborder=\"0\" allow=\"accelerometer; autoplay; clipboard-write; encrypted-media; gyroscope; picture-in-picture\" allowfullscreen><\/iframe><\/p>\n<p>Seguidamente, el\u00a0Secretario Administrativo Financiero, Mag. Ricardo Coca aclar\u00f3 la posibilidad de continuar la obra de construcci\u00f3n de la Escuela de M\u00fasica, que es un sue\u00f1o de la UNSJ y de San Juan.<\/p>\n<p><iframe loading=\"lazy\" title=\"UNSJ\" width=\"800\" height=\"450\" src=\"https:\/\/www.youtube.com\/embed\/u1keIFaJ4js?feature=oembed\" frameborder=\"0\" allow=\"accelerometer; autoplay; clipboard-write; encrypted-media; gyroscope; picture-in-picture\" allowfullscreen><\/iframe><\/p>\n<p>A continuaci\u00f3n la decana de la FFHA, Mg. Myriam Arrabal,, apunt\u00f3 que el edificio contar\u00e1 39 aulas que albergar\u00eda a casi mil estudiantes, una zona administrativa de oficinas, sanitarios, ascensores, escaleras de emergencia, parquizaci\u00f3n y luminarias. \u201cEsta cuarta licitaci\u00f3n renueva nuestras esperanzas para poder retomar y completar la obra de este complejo art\u00edstico cultural que es la Escuela de M\u00fasica\u201d.<\/p>\n<p><iframe loading=\"lazy\" title=\"UNSJ\" width=\"800\" height=\"450\" src=\"https:\/\/www.youtube.com\/embed\/H3drpnb0KeE?feature=oembed\" frameborder=\"0\" allow=\"accelerometer; autoplay; clipboard-write; encrypted-media; gyroscope; picture-in-picture\" allowfullscreen><\/iframe><\/p>\n<p>Adem\u00e1s, el Rector Ing. Tadeo Berenguer inform\u00f3 sobre la inauguraci\u00f3n de las luminarias de la zona de la canchita en el Complejo Deportivo \u00abEl Palomar\u00bb e invit\u00f3 al Secretario de Bienestar Universitario, CPN Lucas Molina Rojo para que respondiera preguntas de los periodistas San Juan.<\/p>\n<p><iframe loading=\"lazy\" title=\"UNSJ\" width=\"800\" height=\"450\" src=\"https:\/\/www.youtube.com\/embed\/tlA4vqz3zvc?feature=oembed\" frameborder=\"0\" allow=\"accelerometer; autoplay; clipboard-write; encrypted-media; gyroscope; picture-in-picture\" allowfullscreen><\/iframe><\/p>\n<p>Se sum\u00f3 a la conferencia de prensa el\u00a0Secretario de Bienestar Universitario, CPN Lucas Molina Rojo, quien describi\u00f3 los avances que se est\u00e1n realizando en el Complejo Deportivo \u00abEl Palomar\u00bb.<\/p>\n<p><iframe loading=\"lazy\" title=\"UNSJ\" width=\"800\" height=\"450\" src=\"https:\/\/www.youtube.com\/embed\/5dN7pieCIY0?feature=oembed\" frameborder=\"0\" allow=\"accelerometer; autoplay; clipboard-write; encrypted-media; gyroscope; picture-in-picture\" allowfullscreen><\/iframe><\/p>\n<p>&nbsp;<\/p>\n<p>&nbsp;<\/p>\n","protected":false},"excerpt":{"rendered":"<p>En conferencia de prensa, el rector de la UNSJ, Ing. Tadeo Berenguer anunci\u00f3 que, \u00abla empresa seleccionada es Panacam SRL,<\/p>\n","protected":false},"author":3,"featured_media":40877,"comment_status":"closed","ping_status":"closed","sticky":false,"template":"","format":"video","meta":{"_acf_changed":false,"_seopress_robots_primary_cat":"none","_seopress_titles_title":"","_seopress_titles_desc":"","_seopress_robots_index":"","colormag_page_container_layout":"default_layout","colormag_page_sidebar_layout":"default_layout","footnotes":""},"categories":[10,7],"tags":[],"class_list":["post-40917","post","type-post","status-publish","format-video","has-post-thumbnail","hentry","category-opiniones","category-videos","post_format-post-format-video"],"acf":[],"_links":{"self":[{"href":"https:\/\/vocesparalelas.com.ar\/sitio\/wp-json\/wp\/v2\/posts\/40917","targetHints":{"allow":["GET"]}}],"collection":[{"href":"https:\/\/vocesparalelas.com.ar\/sitio\/wp-json\/wp\/v2\/posts"}],"about":[{"href":"https:\/\/vocesparalelas.com.ar\/sitio\/wp-json\/wp\/v2\/types\/post"}],"author":[{"embeddable":true,"href":"https:\/\/vocesparalelas.com.ar\/sitio\/wp-json\/wp\/v2\/users\/3"}],"replies":[{"embeddable":true,"href":"https:\/\/vocesparalelas.com.ar\/sitio\/wp-json\/wp\/v2\/comments?post=40917"}],"version-history":[{"count":1,"href":"https:\/\/vocesparalelas.com.ar\/sitio\/wp-json\/wp\/v2\/posts\/40917\/revisions"}],"predecessor-version":[{"id":40967,"href":"https:\/\/vocesparalelas.com.ar\/sitio\/wp-json\/wp\/v2\/posts\/40917\/revisions\/40967"}],"wp:featuredmedia":[{"embeddable":true,"href":"https:\/\/vocesparalelas.com.ar\/sitio\/wp-json\/wp\/v2\/media\/40877"}],"wp:attachment":[{"href":"https:\/\/vocesparalelas.com.ar\/sitio\/wp-json\/wp\/v2\/media?parent=40917"}],"wp:term":[{"taxonomy":"category","embeddable":true,"href":"https:\/\/vocesparalelas.com.ar\/sitio\/wp-json\/wp\/v2\/categories?post=40917"},{"taxonomy":"post_tag","embeddable":true,"href":"https:\/\/vocesparalelas.com.ar\/sitio\/wp-json\/wp\/v2\/tags?post=40917"}],"curies":[{"name":"wp","href":"https:\/\/api.w.org\/{rel}","templated":true}]}}