{"id":40884,"date":"2021-08-19T12:28:32","date_gmt":"2021-08-19T15:28:32","guid":{"rendered":"https:\/\/vocesparalelas.com.ar\/sitio\/?p=40884"},"modified":"2021-08-19T12:28:32","modified_gmt":"2021-08-19T15:28:32","slug":"se-suspenden-las-clases-en-el-departamento-calingasta-por-intenso-viento","status":"publish","type":"post","link":"https:\/\/vocesparalelas.com.ar\/sitio\/se-suspenden-las-clases-en-el-departamento-calingasta-por-intenso-viento\/","title":{"rendered":"Se suspenden las clases en el Departamento Calingasta por intenso viento"},"content":{"rendered":"<p>El Ministerio de Educaci\u00f3n del Gobierno de San Juan informa que ante las adversas condiciones clim\u00e1ticas por el intenso viento, de acuerdo con la informaci\u00f3n proporcionada en el alerta del Servicio Metereol\u00f3gico Nacional y Protecci\u00f3n Civil de la Provincia.<\/p>\n<p>Se determin\u00f3 suspender\u00a0el Jueves, 19 de Agosto, la actividad escolar en el turno tarde, en el Departamento Calingasta, en todos los niveles y modalidades, para escuelas de gesti\u00f3n estatal y privada.<\/p>\n<p>Advirtiendo que se sigue atentamente la evoluci\u00f3n de las condiciones clim\u00e1ticas. De haber alguna novedad se informa a la brevedad por este medio.<\/p>\n","protected":false},"excerpt":{"rendered":"<p>El Ministerio de Educaci\u00f3n del Gobierno de San Juan informa que ante las adversas condiciones clim\u00e1ticas por el intenso viento,<\/p>\n","protected":false},"author":3,"featured_media":28629,"comment_status":"closed","ping_status":"closed","sticky":false,"template":"","format":"standard","meta":{"_acf_changed":false,"_seopress_robots_primary_cat":"none","_seopress_titles_title":"","_seopress_titles_desc":"","_seopress_robots_index":"","colormag_page_container_layout":"default_layout","colormag_page_sidebar_layout":"default_layout","footnotes":""},"categories":[1],"tags":[],"class_list":["post-40884","post","type-post","status-publish","format-standard","has-post-thumbnail","hentry","category-destacadas"],"acf":[],"_links":{"self":[{"href":"https:\/\/vocesparalelas.com.ar\/sitio\/wp-json\/wp\/v2\/posts\/40884","targetHints":{"allow":["GET"]}}],"collection":[{"href":"https:\/\/vocesparalelas.com.ar\/sitio\/wp-json\/wp\/v2\/posts"}],"about":[{"href":"https:\/\/vocesparalelas.com.ar\/sitio\/wp-json\/wp\/v2\/types\/post"}],"author":[{"embeddable":true,"href":"https:\/\/vocesparalelas.com.ar\/sitio\/wp-json\/wp\/v2\/users\/3"}],"replies":[{"embeddable":true,"href":"https:\/\/vocesparalelas.com.ar\/sitio\/wp-json\/wp\/v2\/comments?post=40884"}],"version-history":[{"count":1,"href":"https:\/\/vocesparalelas.com.ar\/sitio\/wp-json\/wp\/v2\/posts\/40884\/revisions"}],"predecessor-version":[{"id":40886,"href":"https:\/\/vocesparalelas.com.ar\/sitio\/wp-json\/wp\/v2\/posts\/40884\/revisions\/40886"}],"wp:featuredmedia":[{"embeddable":true,"href":"https:\/\/vocesparalelas.com.ar\/sitio\/wp-json\/wp\/v2\/media\/28629"}],"wp:attachment":[{"href":"https:\/\/vocesparalelas.com.ar\/sitio\/wp-json\/wp\/v2\/media?parent=40884"}],"wp:term":[{"taxonomy":"category","embeddable":true,"href":"https:\/\/vocesparalelas.com.ar\/sitio\/wp-json\/wp\/v2\/categories?post=40884"},{"taxonomy":"post_tag","embeddable":true,"href":"https:\/\/vocesparalelas.com.ar\/sitio\/wp-json\/wp\/v2\/tags?post=40884"}],"curies":[{"name":"wp","href":"https:\/\/api.w.org\/{rel}","templated":true}]}}