{"id":40881,"date":"2021-08-19T01:11:55","date_gmt":"2021-08-19T04:11:55","guid":{"rendered":"https:\/\/vocesparalelas.com.ar\/sitio\/?p=40881"},"modified":"2021-08-19T01:13:01","modified_gmt":"2021-08-19T04:13:01","slug":"se-suspenden-las-clases-turno-manana-en-algunas-escuelas-de-san-juan","status":"publish","type":"post","link":"https:\/\/vocesparalelas.com.ar\/sitio\/se-suspenden-las-clases-turno-manana-en-algunas-escuelas-de-san-juan\/","title":{"rendered":"Se suspenden las clases turno ma\u00f1ana en algunas Escuelas de San Juan"},"content":{"rendered":"<p>El Ministerio de Educaci\u00f3n del Gobierno de San Juan informa que en forma preventiva suspende la actividad escolar en el turno ma\u00f1ana ante el corte de los servicios de energ\u00eda y agua potable que afectan a algunas instituciones educativas, impidiendo el normal desarrollo de las actividades.<\/p>\n<p>A medida que se vaya reestableciendo el servicio se normalizar\u00e1 la actividad.<\/p>\n<p><strong><span style=\"color: #33cccc;\">La medida afecta a los siguientes establecimientos educativos:<\/span><\/strong><\/p>\n<p><strong><span style=\"color: #33cccc;\">Nivel Inicial<\/span><\/strong><\/p>\n<ul>\n<li>ENI N\u00b0 33<\/li>\n<li>JiNZ N\u00b0 46. Escuela Benjam\u00edn Lenoir y Mercedes Nievas de Castro<\/li>\n<li>JINZ N\u00b0 58. Esc. Rafael Arrieta. Escuela Comandante Espora<\/li>\n<li>Escuela Mar Argentino y Escuela Pedro Valenzuela<\/li>\n<li>JINZ N\u00b0 5 Escuela Jos\u00e9 Lombardo R\u00e1dice<\/li>\n<li>JINZ N\u00b0 34 Esc. Ejercito de los Andes y Esteban de Luca<\/li>\n<li>ENI N\u00b0 3<\/li>\n<li>JINZ 56 Escuela Sargento Cabral<\/li>\n<\/ul>\n<p><span style=\"color: #33cccc;\"><strong>Nivel Primario<\/strong><strong>:<\/strong><\/span><\/p>\n<ul>\n<li>Angaco y San Mart\u00edn: Escuela Dominguito<\/li>\n<li>Caucete: Escuela Juan Lavalle<\/li>\n<li>9 de Julio: Escuela Saturnino Salas<\/li>\n<li>Pocito: Escuela Mariano Acha<\/li>\n<li>Rawson: Saturnino Sarassa, Esc. Juana Cardoso Aberastain<\/li>\n<li>Sarmiento: escuelas Constancio Vigil y Mar\u00eda del Carril<\/li>\n<\/ul>\n<p><span style=\"color: #33cccc;\"><strong>Nivel Secundario<\/strong><\/span><\/p>\n<ul>\n<li>Escuela Secundaria Presidente Sarmiento de M\u00e9dano de Oro<\/li>\n<\/ul>\n<p><span style=\"color: #33cccc;\"><strong>Gesti\u00f3n Privada:<\/strong><\/span><\/p>\n<ul>\n<li>Angaco: Colegio Casita Amarilla<\/li>\n<li>25 de Mayo: Colegio Consolaci\u00f3n<\/li>\n<\/ul>\n<p>En J\u00e1chal no habr\u00e1 actividad en las escuelas de diferentes niveles y modalidades de gesti\u00f3n estatal y privada ubicadas en la zona comprendida entre calle Eugenio Flores, antes de calle Nueva, en localidad de San Isidro, debido a que la empresa de Energ\u00eda San Juan proceder\u00e1 a la realizar la interrupci\u00f3n y desprendimiento de cableado de la l\u00ednea de media tensi\u00f3n en la zona mencionada. Tareas que afectar\u00e1n el servicio de agua potable tambi\u00e9n.<\/p>\n<p>Se informa adem\u00e1s que este jueves personal de Obras Menores y de Relevamiento de Necesidades edilicias recorrer\u00e1 las diferentes instituciones educativas para relevar y realizar las reparaciones da\u00f1os menores como reemplazo de vidrios, entre otros.<\/p>\n<p>Advirtiendo que se sigue atentamente la evoluci\u00f3n de las condiciones clim\u00e1ticas, de haber alguna novedad se informar\u00e1 a la brevedad por este medio.<\/p>\n<p>&nbsp;<\/p>\n<p>&nbsp;<\/p>\n","protected":false},"excerpt":{"rendered":"<p>El Ministerio de Educaci\u00f3n del Gobierno de San Juan informa que en forma preventiva suspende la actividad escolar en el<\/p>\n","protected":false},"author":3,"featured_media":28629,"comment_status":"closed","ping_status":"closed","sticky":false,"template":"","format":"standard","meta":{"_acf_changed":false,"_seopress_robots_primary_cat":"none","_seopress_titles_title":"","_seopress_titles_desc":"","_seopress_robots_index":"","colormag_page_container_layout":"default_layout","colormag_page_sidebar_layout":"default_layout","footnotes":""},"categories":[1],"tags":[],"class_list":["post-40881","post","type-post","status-publish","format-standard","has-post-thumbnail","hentry","category-destacadas"],"acf":[],"_links":{"self":[{"href":"https:\/\/vocesparalelas.com.ar\/sitio\/wp-json\/wp\/v2\/posts\/40881","targetHints":{"allow":["GET"]}}],"collection":[{"href":"https:\/\/vocesparalelas.com.ar\/sitio\/wp-json\/wp\/v2\/posts"}],"about":[{"href":"https:\/\/vocesparalelas.com.ar\/sitio\/wp-json\/wp\/v2\/types\/post"}],"author":[{"embeddable":true,"href":"https:\/\/vocesparalelas.com.ar\/sitio\/wp-json\/wp\/v2\/users\/3"}],"replies":[{"embeddable":true,"href":"https:\/\/vocesparalelas.com.ar\/sitio\/wp-json\/wp\/v2\/comments?post=40881"}],"version-history":[{"count":1,"href":"https:\/\/vocesparalelas.com.ar\/sitio\/wp-json\/wp\/v2\/posts\/40881\/revisions"}],"predecessor-version":[{"id":40883,"href":"https:\/\/vocesparalelas.com.ar\/sitio\/wp-json\/wp\/v2\/posts\/40881\/revisions\/40883"}],"wp:featuredmedia":[{"embeddable":true,"href":"https:\/\/vocesparalelas.com.ar\/sitio\/wp-json\/wp\/v2\/media\/28629"}],"wp:attachment":[{"href":"https:\/\/vocesparalelas.com.ar\/sitio\/wp-json\/wp\/v2\/media?parent=40881"}],"wp:term":[{"taxonomy":"category","embeddable":true,"href":"https:\/\/vocesparalelas.com.ar\/sitio\/wp-json\/wp\/v2\/categories?post=40881"},{"taxonomy":"post_tag","embeddable":true,"href":"https:\/\/vocesparalelas.com.ar\/sitio\/wp-json\/wp\/v2\/tags?post=40881"}],"curies":[{"name":"wp","href":"https:\/\/api.w.org\/{rel}","templated":true}]}}