{"id":40870,"date":"2021-08-19T00:46:06","date_gmt":"2021-08-19T03:46:06","guid":{"rendered":"https:\/\/vocesparalelas.com.ar\/sitio\/?p=40870"},"modified":"2021-08-19T00:46:06","modified_gmt":"2021-08-19T03:46:06","slug":"avanzan-las-propuestas-para-solucionar-situaciones-que-afronta-la-unsj","status":"publish","type":"post","link":"https:\/\/vocesparalelas.com.ar\/sitio\/avanzan-las-propuestas-para-solucionar-situaciones-que-afronta-la-unsj\/","title":{"rendered":"Avanzan las propuestas para solucionar situaciones que afronta la UNSJ"},"content":{"rendered":"<p>Hace 10 d\u00edas, el Rector de la Universidad Nacional de San Juan, Ing. Tadeo Berenguer viaj\u00f3 a Buenos Aires para reunirse con el Secretario de Pol\u00edticas Universitarias, Lic. Jaime Perczyk, conversaron sobre los problemas edilicias de distintas unidades Acad\u00e9micas de la UNSJ, provocadas por el Terremoto de San Juan del 18 de Enero. Hubo un gran compromiso de la autoridad de la Naci\u00f3n de armar un presupuesto. Para ello, las Unidades Acad\u00e9micas est\u00e1n trabajando para armar proyectos que les permitan solucionar estos deterioros.<\/p>\n<p>Adem\u00e1s, a nivel local el Rector Berenguer avanza sobre la tarea que se debe llevar adelante para el presupuesto de la UNSJ y su utilidad destinada a la comunidad universitaria y a las distintas necesidades que se deben afrontar.<\/p>\n<p>La semana que viene el Consejo Superior tiene la responsabilidad de poner en debate el presupuesto 2021-2021 para esta casa de Altos Estudios.<\/p>\n<p>&nbsp;<\/p>\n<p><iframe loading=\"lazy\" title=\"UNSJ\" width=\"800\" height=\"450\" src=\"https:\/\/www.youtube.com\/embed\/gE2FnEv7fng?feature=oembed\" frameborder=\"0\" allow=\"accelerometer; autoplay; clipboard-write; encrypted-media; gyroscope; picture-in-picture\" allowfullscreen><\/iframe><\/p>\n<p>&nbsp;<\/p>\n<p><img loading=\"lazy\" decoding=\"async\" class=\"alignnone wp-image-37900 size-full\" src=\"https:\/\/vocesparalelas.com.ar\/sitio\/wp-content\/uploads\/2021\/05\/UNSJ-LOGOTIPO-01.jpg\" alt=\"\" width=\"800\" height=\"533\" srcset=\"https:\/\/vocesparalelas.com.ar\/sitio\/wp-content\/uploads\/2021\/05\/UNSJ-LOGOTIPO-01.jpg 800w, https:\/\/vocesparalelas.com.ar\/sitio\/wp-content\/uploads\/2021\/05\/UNSJ-LOGOTIPO-01-300x200.jpg 300w, https:\/\/vocesparalelas.com.ar\/sitio\/wp-content\/uploads\/2021\/05\/UNSJ-LOGOTIPO-01-768x512.jpg 768w\" sizes=\"auto, (max-width: 800px) 100vw, 800px\" \/><\/p>\n","protected":false},"excerpt":{"rendered":"<p>Hace 10 d\u00edas, el Rector de la Universidad Nacional de San Juan, Ing. Tadeo Berenguer viaj\u00f3 a Buenos Aires para<\/p>\n","protected":false},"author":3,"featured_media":40876,"comment_status":"closed","ping_status":"closed","sticky":false,"template":"","format":"video","meta":{"_acf_changed":false,"_seopress_robots_primary_cat":"none","_seopress_titles_title":"","_seopress_titles_desc":"","_seopress_robots_index":"","colormag_page_container_layout":"default_layout","colormag_page_sidebar_layout":"default_layout","footnotes":""},"categories":[1,7],"tags":[],"class_list":["post-40870","post","type-post","status-publish","format-video","has-post-thumbnail","hentry","category-destacadas","category-videos","post_format-post-format-video"],"acf":[],"_links":{"self":[{"href":"https:\/\/vocesparalelas.com.ar\/sitio\/wp-json\/wp\/v2\/posts\/40870","targetHints":{"allow":["GET"]}}],"collection":[{"href":"https:\/\/vocesparalelas.com.ar\/sitio\/wp-json\/wp\/v2\/posts"}],"about":[{"href":"https:\/\/vocesparalelas.com.ar\/sitio\/wp-json\/wp\/v2\/types\/post"}],"author":[{"embeddable":true,"href":"https:\/\/vocesparalelas.com.ar\/sitio\/wp-json\/wp\/v2\/users\/3"}],"replies":[{"embeddable":true,"href":"https:\/\/vocesparalelas.com.ar\/sitio\/wp-json\/wp\/v2\/comments?post=40870"}],"version-history":[{"count":1,"href":"https:\/\/vocesparalelas.com.ar\/sitio\/wp-json\/wp\/v2\/posts\/40870\/revisions"}],"predecessor-version":[{"id":40879,"href":"https:\/\/vocesparalelas.com.ar\/sitio\/wp-json\/wp\/v2\/posts\/40870\/revisions\/40879"}],"wp:featuredmedia":[{"embeddable":true,"href":"https:\/\/vocesparalelas.com.ar\/sitio\/wp-json\/wp\/v2\/media\/40876"}],"wp:attachment":[{"href":"https:\/\/vocesparalelas.com.ar\/sitio\/wp-json\/wp\/v2\/media?parent=40870"}],"wp:term":[{"taxonomy":"category","embeddable":true,"href":"https:\/\/vocesparalelas.com.ar\/sitio\/wp-json\/wp\/v2\/categories?post=40870"},{"taxonomy":"post_tag","embeddable":true,"href":"https:\/\/vocesparalelas.com.ar\/sitio\/wp-json\/wp\/v2\/tags?post=40870"}],"curies":[{"name":"wp","href":"https:\/\/api.w.org\/{rel}","templated":true}]}}