{"id":40865,"date":"2021-08-18T23:51:10","date_gmt":"2021-08-19T02:51:10","guid":{"rendered":"https:\/\/vocesparalelas.com.ar\/sitio\/?p=40865"},"modified":"2021-08-19T00:04:27","modified_gmt":"2021-08-19T03:04:27","slug":"arduo-trabajo-de-bomberos-y-proteccion-civil-para-sofocar-los-incendios-provocados-por-el-viento-zonda-en-san-juan","status":"publish","type":"post","link":"https:\/\/vocesparalelas.com.ar\/sitio\/arduo-trabajo-de-bomberos-y-proteccion-civil-para-sofocar-los-incendios-provocados-por-el-viento-zonda-en-san-juan\/","title":{"rendered":"Arduo trabajo de Bomberos y Protecci\u00f3n Civil para sofocar los incendios provocados por el Viento Zonda en San Juan"},"content":{"rendered":"<p>La Direcci\u00f3n de Bomberos de la Polic\u00eda de San Juan, en conjunto con la Direcci\u00f3n de Protecci\u00f3n Civil y Bomberos Voluntarios de San Juan trabajan intensamente como consecuencia del viento Zonda que azota a la provincia de San Juan.<\/p>\n<p>A medida que avanza el fen\u00f3meno, comenzaron incendios de pastizales en distintos lugares de San Juan. Las dotaciones en un trabajo coordinado con las \u00e1reas espec\u00edficas de cada uno de los Municipios, trabajan en incendios que se desataron en los Departamentos de Rawson, Pocito, Caucete, San Mart\u00edn, Angaco, 25 de Mayo y J\u00e1chal.<\/p>\n<p>El Gobierno de la Provincia de San Juan recuerda los n\u00fameros habilitados ante cualquier emergencia:<\/p>\n<ul>\n<li><strong>911<\/strong><\/li>\n<li><strong>103 Protecci\u00f3n Civil<\/strong><\/li>\n<li><strong>100 Bomberos<\/strong><\/li>\n<\/ul>\n<p>Asimismo, Protecci\u00f3n Civil recuerda que el\u00a0riesgo de incendios forestales\u00a0por quema de pastizales y basura, en un d\u00eda como el de hoy, es alto. Por tanto recomienda tener en cuenta los siguientes consejos:<\/p>\n<ul>\n<li>Evitar arrojar colillas de cigarrillos en alta vegetaci\u00f3n ya que en \u00e9poca de zonda hay mucha sequedad.<\/li>\n<li>Evitar arrojar basura en campos de vegetaci\u00f3n porque entre la basura puede haber algo inflamable que genere incendios.<\/li>\n<li>Evitar hacer fogatas o alg\u00fan otro tipo de fuego cerca de lugares agr\u00edcolas que son susceptibles a que se produzca incendio forestal.<\/li>\n<\/ul>\n<p>Es necesario ser consciente de que los incendios forestales se magnifican con el Zonda porque la temperatura ambiente colabora para que se mantenga la temperatura del incendio y sea m\u00e1s dif\u00edcil de sofocar.<\/p>\n<ul>\n<li>Quienes viven en el campo, deben liberar los alrededores de la casa haciendo callejones amplios mayores a 5 metros para que quede solo tierra y as\u00ed evitar que por propagaci\u00f3n de fuego se da\u00f1e la casa.<\/li>\n<li>En cuanto se detecte humo llamar a Bomberos y tratar de tener un plan de contingencia en caso de incendio para las personas que viven en el campo: llamado a bomberos y evacuaci\u00f3n, como primeras medidas.<\/li>\n<li>Ser consciente de que quemar hojas o basura est\u00e1 prohibido por ley. Todo individuo o grupo que sea visto provocando fuego en zonas de alta inflamabilidad o quemando vegetaci\u00f3n autom\u00e1ticamente tiene que ser denunciado al 911.<\/li>\n<\/ul>\n","protected":false},"excerpt":{"rendered":"<p>La Direcci\u00f3n de Bomberos de la Polic\u00eda de San Juan, en conjunto con la Direcci\u00f3n de Protecci\u00f3n Civil y Bomberos<\/p>\n","protected":false},"author":3,"featured_media":40869,"comment_status":"closed","ping_status":"closed","sticky":false,"template":"","format":"standard","meta":{"_acf_changed":false,"_seopress_robots_primary_cat":"none","_seopress_titles_title":"","_seopress_titles_desc":"","_seopress_robots_index":"","colormag_page_container_layout":"default_layout","colormag_page_sidebar_layout":"default_layout","footnotes":""},"categories":[1],"tags":[],"class_list":["post-40865","post","type-post","status-publish","format-standard","has-post-thumbnail","hentry","category-destacadas"],"acf":[],"_links":{"self":[{"href":"https:\/\/vocesparalelas.com.ar\/sitio\/wp-json\/wp\/v2\/posts\/40865","targetHints":{"allow":["GET"]}}],"collection":[{"href":"https:\/\/vocesparalelas.com.ar\/sitio\/wp-json\/wp\/v2\/posts"}],"about":[{"href":"https:\/\/vocesparalelas.com.ar\/sitio\/wp-json\/wp\/v2\/types\/post"}],"author":[{"embeddable":true,"href":"https:\/\/vocesparalelas.com.ar\/sitio\/wp-json\/wp\/v2\/users\/3"}],"replies":[{"embeddable":true,"href":"https:\/\/vocesparalelas.com.ar\/sitio\/wp-json\/wp\/v2\/comments?post=40865"}],"version-history":[{"count":1,"href":"https:\/\/vocesparalelas.com.ar\/sitio\/wp-json\/wp\/v2\/posts\/40865\/revisions"}],"predecessor-version":[{"id":40868,"href":"https:\/\/vocesparalelas.com.ar\/sitio\/wp-json\/wp\/v2\/posts\/40865\/revisions\/40868"}],"wp:featuredmedia":[{"embeddable":true,"href":"https:\/\/vocesparalelas.com.ar\/sitio\/wp-json\/wp\/v2\/media\/40869"}],"wp:attachment":[{"href":"https:\/\/vocesparalelas.com.ar\/sitio\/wp-json\/wp\/v2\/media?parent=40865"}],"wp:term":[{"taxonomy":"category","embeddable":true,"href":"https:\/\/vocesparalelas.com.ar\/sitio\/wp-json\/wp\/v2\/categories?post=40865"},{"taxonomy":"post_tag","embeddable":true,"href":"https:\/\/vocesparalelas.com.ar\/sitio\/wp-json\/wp\/v2\/tags?post=40865"}],"curies":[{"name":"wp","href":"https:\/\/api.w.org\/{rel}","templated":true}]}}