{"id":40861,"date":"2021-08-18T22:26:55","date_gmt":"2021-08-19T01:26:55","guid":{"rendered":"https:\/\/vocesparalelas.com.ar\/sitio\/?p=40861"},"modified":"2021-08-23T00:03:17","modified_gmt":"2021-08-23T03:03:17","slug":"curso-guia-auxiliar-en-vida-silvestre-y-naturaleza","status":"publish","type":"post","link":"https:\/\/vocesparalelas.com.ar\/sitio\/curso-guia-auxiliar-en-vida-silvestre-y-naturaleza\/","title":{"rendered":"Curso \u201cGu\u00eda Auxiliar en Vida Silvestre y Naturaleza\u201d"},"content":{"rendered":"<p>\u00bfConoc\u00e9s cu\u00e1ntas \u00e1reas protegidas hay en San Juan? \u00bfTe interesa la ecolog\u00eda y la vida silvestre de nuestra provincia?<\/p>\n<p>Desde ADICUS, en conjunto con el Instituto Superior Vida Silvestre, Naturaleza y Aventura, te ofrecen el Curso \u201cGu\u00eda Auxiliar en Vida Silvestre y Naturaleza\u201d que busca, entre otras cosas, capacitar en los conocimientos b\u00e1sicos de t\u00e9cnicas de supervivencia, campamento, orientaci\u00f3n, y rescate.<\/p>\n<p>Una capacitaci\u00f3n que ofrece una salida laboral y que, adem\u00e1s, posee resoluci\u00f3n ministerial por lo que es v\u00e1lido para presentar en la Junta de Clasificaci\u00f3n Docente.<\/p>\n<p>El curso se dicta de manera virtual desde el Campus Virtual de ADICUS y tiene Pr\u00e1cticas Profesionales presenciales en las \u00e1reas protegidas de San Juan.<\/p>\n<p><span style=\"color: #33cccc;\"><strong>Objetivos Generales<\/strong><\/span><\/p>\n<ul>\n<li>Formar personas en conocimientos biol\u00f3gicos, ecol\u00f3gicos, zool\u00f3gicos y bot\u00e1nicos a trav\u00e9s de una mirada de las Ciencias Naturales, promoviendo el entendimiento del funcionamiento de los ecosistemas \u00e1ridos.<\/li>\n<li>Formar personas en la Gu\u00eda de Grupos Humanos, generando capacidades de comunicaci\u00f3n de la informaci\u00f3n.<\/li>\n<li>Crear sensibilidad acerca de las problem\u00e1ticas ecol\u00f3gicas que atraviesa el mundo.<\/li>\n<\/ul>\n<p><span style=\"color: #33cccc;\"><strong>Objetivos\u00a0<\/strong><\/span><\/p>\n<ul>\n<li>Capacitar en el \u00e1rea de la biolog\u00eda, bot\u00e1nica y zoolog\u00eda de la provincia de San Juan.<\/li>\n<li>Capacitar en el Sistema de \u00c1reas Protegidas de la provincia de San Juan entendiendo el porqu\u00e9 de la existencia de estas \u00e1reas.<\/li>\n<li>Capacitar en el conocimiento b\u00e1sico de t\u00e9cnicas de supervivencia, conocimiento del terreno, campamento, orientaci\u00f3n y rescate. Orientar sobre c\u00f3mo actuar frente a un accidente.<\/li>\n<\/ul>\n<p><span style=\"color: #33cccc;\"><strong>Inscripci\u00f3n<\/strong><\/span><\/p>\n<p><a href=\"https:\/\/www.adicus.org.ar\/guia-auxiliar\/\">https:\/\/www.adicus.org.ar\/guia-auxiliar\/<\/a><\/p>\n<p>&nbsp;<\/p>\n<p><img loading=\"lazy\" decoding=\"async\" class=\"alignnone wp-image-40863 size-full\" src=\"https:\/\/vocesparalelas.com.ar\/sitio\/wp-content\/uploads\/2021\/08\/ADICUS-CURSO.jpg\" alt=\"\" width=\"730\" height=\"1024\" \/><\/p>\n","protected":false},"excerpt":{"rendered":"<p>\u00bfConoc\u00e9s cu\u00e1ntas \u00e1reas protegidas hay en San Juan? \u00bfTe interesa la ecolog\u00eda y la vida silvestre de nuestra provincia? Desde<\/p>\n","protected":false},"author":3,"featured_media":31704,"comment_status":"closed","ping_status":"closed","sticky":false,"template":"","format":"standard","meta":{"_acf_changed":false,"_seopress_robots_primary_cat":"none","_seopress_titles_title":"","_seopress_titles_desc":"","_seopress_robots_index":"","colormag_page_container_layout":"default_layout","colormag_page_sidebar_layout":"default_layout","footnotes":""},"categories":[9],"tags":[],"class_list":["post-40861","post","type-post","status-publish","format-standard","has-post-thumbnail","hentry","category-cursos"],"acf":[],"_links":{"self":[{"href":"https:\/\/vocesparalelas.com.ar\/sitio\/wp-json\/wp\/v2\/posts\/40861","targetHints":{"allow":["GET"]}}],"collection":[{"href":"https:\/\/vocesparalelas.com.ar\/sitio\/wp-json\/wp\/v2\/posts"}],"about":[{"href":"https:\/\/vocesparalelas.com.ar\/sitio\/wp-json\/wp\/v2\/types\/post"}],"author":[{"embeddable":true,"href":"https:\/\/vocesparalelas.com.ar\/sitio\/wp-json\/wp\/v2\/users\/3"}],"replies":[{"embeddable":true,"href":"https:\/\/vocesparalelas.com.ar\/sitio\/wp-json\/wp\/v2\/comments?post=40861"}],"version-history":[{"count":1,"href":"https:\/\/vocesparalelas.com.ar\/sitio\/wp-json\/wp\/v2\/posts\/40861\/revisions"}],"predecessor-version":[{"id":40864,"href":"https:\/\/vocesparalelas.com.ar\/sitio\/wp-json\/wp\/v2\/posts\/40861\/revisions\/40864"}],"wp:featuredmedia":[{"embeddable":true,"href":"https:\/\/vocesparalelas.com.ar\/sitio\/wp-json\/wp\/v2\/media\/31704"}],"wp:attachment":[{"href":"https:\/\/vocesparalelas.com.ar\/sitio\/wp-json\/wp\/v2\/media?parent=40861"}],"wp:term":[{"taxonomy":"category","embeddable":true,"href":"https:\/\/vocesparalelas.com.ar\/sitio\/wp-json\/wp\/v2\/categories?post=40861"},{"taxonomy":"post_tag","embeddable":true,"href":"https:\/\/vocesparalelas.com.ar\/sitio\/wp-json\/wp\/v2\/tags?post=40861"}],"curies":[{"name":"wp","href":"https:\/\/api.w.org\/{rel}","templated":true}]}}