{"id":40857,"date":"2021-08-18T21:40:41","date_gmt":"2021-08-19T00:40:41","guid":{"rendered":"https:\/\/vocesparalelas.com.ar\/sitio\/?p=40857"},"modified":"2021-08-18T21:40:41","modified_gmt":"2021-08-19T00:40:41","slug":"teatro-de-papel-para-que-los-chicos-aprendan-jugando-los-generos-artisticos","status":"publish","type":"post","link":"https:\/\/vocesparalelas.com.ar\/sitio\/teatro-de-papel-para-que-los-chicos-aprendan-jugando-los-generos-artisticos\/","title":{"rendered":"\u201cTeatro de Papel\u201d para que los chicos aprendan jugando los g\u00e9neros art\u00edsticos"},"content":{"rendered":"<p>En conmemoraci\u00f3n del Mes de las Infancias, el Ministerio de Turismo y Cultura, a trav\u00e9s del Teatro del Bicentenario, inaugura un\u00a0nuevo espacio virtual destinado a los peque\u00f1os\u00a0y que tiene como fin\u00a0acercar a los ni\u00f1os al \u00e1mbito cultural, en especial a los g\u00e9neros art\u00edsticos que abarca el teatro: danza, teatro, ballet, m\u00fasica, canto l\u00edrico y otros, por medio del juego y del aprendizaje.<\/p>\n<p>As\u00ed, la cuenta oficial de\u00a0Instagram del TB\u00a0y la\u00a0web del Teatro del Bicentenario,\u00a0<a href=\"http:\/\/www.teatrodelbicentenariosanjuan.org\/\" target=\"_blank\" rel=\"noopener noreferrer\" data-saferedirecturl=\"https:\/\/www.google.com\/url?q=http:\/\/www.teatrodelbicentenariosanjuan.org&amp;source=gmail&amp;ust=1629377780349000&amp;usg=AFQjCNFd5JWgPM_7-cFQjvj-nLRcan-zXA\">www.<wbr \/>teatrodelbicentenariosanjuan.<wbr \/>org<\/a>, se transformar\u00e1n en el portal de entrada a un enorme universo cultural: entrevistas, juegos, desaf\u00edos, actividades para descargar, tutoriales para aprender en casa, y hasta una playlist inspirada en la \u00f3pera de Mozart \u201cLa Flauta M\u00e1gica\u201d formar\u00e1n parte de los atractivos de este espacio.<\/p>\n<p>Destinado a los ni\u00f1os y ni\u00f1as de entre 5 y 12 a\u00f1os,\u00a0los peque\u00f1os podr\u00e1n explorar las distintas disciplinas art\u00edsticas; dibujar, colorear y aprender jugando tomando como punto de partida \u201cLa Flauta M\u00e1gica\u201d.<\/p>\n<p>Este espacio virtual servir\u00e1 como impulso y motivaci\u00f3n para abrir las puertas de la sensibilidad art\u00edstica en los peque\u00f1os; y desarrollar\u00e1 la formaci\u00f3n de nuevas audiencias a trav\u00e9s del acercamiento de ni\u00f1as y ni\u00f1os al mundo del teatro y a sus instancias de producci\u00f3n y realizaci\u00f3n.<\/p>\n","protected":false},"excerpt":{"rendered":"<p>En conmemoraci\u00f3n del Mes de las Infancias, el Ministerio de Turismo y Cultura, a trav\u00e9s del Teatro del Bicentenario, inaugura<\/p>\n","protected":false},"author":3,"featured_media":0,"comment_status":"closed","ping_status":"closed","sticky":false,"template":"","format":"standard","meta":{"_acf_changed":false,"_seopress_robots_primary_cat":"none","_seopress_titles_title":"","_seopress_titles_desc":"","_seopress_robots_index":"","colormag_page_container_layout":"default_layout","colormag_page_sidebar_layout":"default_layout","footnotes":""},"categories":[1],"tags":[],"class_list":["post-40857","post","type-post","status-publish","format-standard","hentry","category-destacadas"],"acf":[],"_links":{"self":[{"href":"https:\/\/vocesparalelas.com.ar\/sitio\/wp-json\/wp\/v2\/posts\/40857","targetHints":{"allow":["GET"]}}],"collection":[{"href":"https:\/\/vocesparalelas.com.ar\/sitio\/wp-json\/wp\/v2\/posts"}],"about":[{"href":"https:\/\/vocesparalelas.com.ar\/sitio\/wp-json\/wp\/v2\/types\/post"}],"author":[{"embeddable":true,"href":"https:\/\/vocesparalelas.com.ar\/sitio\/wp-json\/wp\/v2\/users\/3"}],"replies":[{"embeddable":true,"href":"https:\/\/vocesparalelas.com.ar\/sitio\/wp-json\/wp\/v2\/comments?post=40857"}],"version-history":[{"count":1,"href":"https:\/\/vocesparalelas.com.ar\/sitio\/wp-json\/wp\/v2\/posts\/40857\/revisions"}],"predecessor-version":[{"id":40860,"href":"https:\/\/vocesparalelas.com.ar\/sitio\/wp-json\/wp\/v2\/posts\/40857\/revisions\/40860"}],"wp:attachment":[{"href":"https:\/\/vocesparalelas.com.ar\/sitio\/wp-json\/wp\/v2\/media?parent=40857"}],"wp:term":[{"taxonomy":"category","embeddable":true,"href":"https:\/\/vocesparalelas.com.ar\/sitio\/wp-json\/wp\/v2\/categories?post=40857"},{"taxonomy":"post_tag","embeddable":true,"href":"https:\/\/vocesparalelas.com.ar\/sitio\/wp-json\/wp\/v2\/tags?post=40857"}],"curies":[{"name":"wp","href":"https:\/\/api.w.org\/{rel}","templated":true}]}}