{"id":40854,"date":"2021-08-18T21:25:25","date_gmt":"2021-08-19T00:25:25","guid":{"rendered":"https:\/\/vocesparalelas.com.ar\/sitio\/?p=40854"},"modified":"2021-08-18T21:25:25","modified_gmt":"2021-08-19T00:25:25","slug":"concurso-para-entregar-nuevas-licencias-a-taxis-y-remises-de-san-juan","status":"publish","type":"post","link":"https:\/\/vocesparalelas.com.ar\/sitio\/concurso-para-entregar-nuevas-licencias-a-taxis-y-remises-de-san-juan\/","title":{"rendered":"Concurso para entregar nuevas licencias a taxis y remises de San Juan"},"content":{"rendered":"<p>La Secretar\u00eda de Tr\u00e1nsito y Transporte, dependiente del Ministerio de Gobierno de San Juan, llama a concurso a los interesados a obtener licencias para la conducci\u00f3n de taxis y remises, dado que se encuentran vacantes susceptibles de ser adjudicadas.<\/p>\n<p>De acuerdo a lo informado por la Secretar\u00eda, los permisos se encuentran disponibles con motivo del aumento demogr\u00e1fico que determina el otorgamiento de los mismos, como as\u00ed tambi\u00e9n licencias que se encuentran caducas.<\/p>\n<p>En este sentido, los postulantes deber\u00e1n presentar sus solicitudes y la documentaci\u00f3n requerida en los horarios y d\u00edas dispuestos ante las oficinas de la Secretar\u00eda de Tr\u00e1nsito y Transporte situadas en el Centro C\u00edvico.<\/p>\n<p>Los requisitos para acceder a una de las licencias que se otorgaran, se deber\u00e1 retirar previamente en las oficinas de la Secretar\u00eda de Tr\u00e1nsito y Transporte. Estar\u00e1n disponibles los d\u00edas 2, 3 y 6 de septiembre de 2021, de 8 a 12.<\/p>\n<p>Cabe destacar que a partir del 7 de septiembre, hasta el 13 de septiembre del 2021, de 9 a 14, en la misma repartici\u00f3n, se aceptar\u00e1 la recepci\u00f3n de la totalidad de la documentaci\u00f3n requerida, la cual ser\u00e1 revisada para dar comienzo al expediente.<\/p>\n<p><strong><span style=\"color: #33cccc;\">Requisitos<\/span><\/strong><\/p>\n<p>Algunas de las cl\u00e1usulas que solicita la Secretar\u00eda de Tr\u00e1nsito y Transporte para concursar por las licencias de taxis y remises, son las siguientes:<\/p>\n<p>1) Informe del Registro Provincial de Antecedentes de Conductores (REPAC).<\/p>\n<p>2) Informe del Registro Nacional de Antecedentes de Tr\u00e1nsito (RENAT).<\/p>\n<p>3) Informe del Sistema Nacional de Administraci\u00f3n de Infracciones (SINAI).<\/p>\n<p>4) Veh\u00edculo con el cual ofrece prestar el servicio que deber\u00e1 ser de propiedad del postulante, detallando marca, modelo y antig\u00fcedad, adjuntando para ello copia del T\u00edtulo de propiedad del automotor.<\/p>\n<p>5) Negativa de ANSES, Reflejo de AFIP, Ingresos Brutos sobre aportes y registraciones fiscales del postulante, con sus correspondientes libres deudas.<\/p>\n<p>6) Fotocopia de DNI (que deber\u00e1 ser autenticada con su respectivo original).<\/p>\n<p>7) Certificado de Antecedentes emitidos por la Polic\u00eda de la Provincia de San Juan con una antelaci\u00f3n no mayor a 30 d\u00edas y Planilla Prontuarial.<\/p>\n<p>8) Declaraci\u00f3n jurada de Domicilio, debidamente certificada por autoridad competente.<\/p>\n<p>9) Fotocopia de Licencia de Conducir en categor\u00eda Profesional del postulante (que deber\u00e1 ser autenticada con su respectivo original).<\/p>\n<p>10) Constancia o acreditaci\u00f3n de su condici\u00f3n de chofer profesional al 31\/12\/2017.<\/p>\n<p>11) La documentaci\u00f3n que en copia se acompa\u00f1e deber\u00e1 ser certificada por la STT.<\/p>\n<p>12) Los postulantes que cobren alguna prestaci\u00f3n jubilatoria y no se encuentren alcanzados por el l\u00edmite dispuesto por el inciso g) del Art\u00edculo 3 de la presente resoluci\u00f3n deber\u00e1n presentar junto con la documentaci\u00f3n antes requerida, el comprobante del \u00faltimo pago de las prestaciones jubilatorias que posea.<\/p>\n<p>13) S\u00f3lo podr\u00e1n ser titulares de licencias las personas mayores de edad y con capacidad civil plena y que cumplan en su totalidad con los requisitos dispuestos por \u00e9sta Resoluci\u00f3n.<\/p>\n<p>&nbsp;<\/p>\n<p>&nbsp;<\/p>\n<p>&nbsp;<\/p>\n","protected":false},"excerpt":{"rendered":"<p>La Secretar\u00eda de Tr\u00e1nsito y Transporte, dependiente del Ministerio de Gobierno de San Juan, llama a concurso a los interesados<\/p>\n","protected":false},"author":3,"featured_media":1245,"comment_status":"closed","ping_status":"closed","sticky":false,"template":"","format":"standard","meta":{"_acf_changed":false,"_seopress_robots_primary_cat":"none","_seopress_titles_title":"","_seopress_titles_desc":"","_seopress_robots_index":"","colormag_page_container_layout":"default_layout","colormag_page_sidebar_layout":"default_layout","footnotes":""},"categories":[1],"tags":[],"class_list":["post-40854","post","type-post","status-publish","format-standard","has-post-thumbnail","hentry","category-destacadas"],"acf":[],"_links":{"self":[{"href":"https:\/\/vocesparalelas.com.ar\/sitio\/wp-json\/wp\/v2\/posts\/40854","targetHints":{"allow":["GET"]}}],"collection":[{"href":"https:\/\/vocesparalelas.com.ar\/sitio\/wp-json\/wp\/v2\/posts"}],"about":[{"href":"https:\/\/vocesparalelas.com.ar\/sitio\/wp-json\/wp\/v2\/types\/post"}],"author":[{"embeddable":true,"href":"https:\/\/vocesparalelas.com.ar\/sitio\/wp-json\/wp\/v2\/users\/3"}],"replies":[{"embeddable":true,"href":"https:\/\/vocesparalelas.com.ar\/sitio\/wp-json\/wp\/v2\/comments?post=40854"}],"version-history":[{"count":1,"href":"https:\/\/vocesparalelas.com.ar\/sitio\/wp-json\/wp\/v2\/posts\/40854\/revisions"}],"predecessor-version":[{"id":40856,"href":"https:\/\/vocesparalelas.com.ar\/sitio\/wp-json\/wp\/v2\/posts\/40854\/revisions\/40856"}],"wp:featuredmedia":[{"embeddable":true,"href":"https:\/\/vocesparalelas.com.ar\/sitio\/wp-json\/wp\/v2\/media\/1245"}],"wp:attachment":[{"href":"https:\/\/vocesparalelas.com.ar\/sitio\/wp-json\/wp\/v2\/media?parent=40854"}],"wp:term":[{"taxonomy":"category","embeddable":true,"href":"https:\/\/vocesparalelas.com.ar\/sitio\/wp-json\/wp\/v2\/categories?post=40854"},{"taxonomy":"post_tag","embeddable":true,"href":"https:\/\/vocesparalelas.com.ar\/sitio\/wp-json\/wp\/v2\/tags?post=40854"}],"curies":[{"name":"wp","href":"https:\/\/api.w.org\/{rel}","templated":true}]}}