{"id":40851,"date":"2021-08-18T21:04:10","date_gmt":"2021-08-19T00:04:10","guid":{"rendered":"https:\/\/vocesparalelas.com.ar\/sitio\/?p=40851"},"modified":"2021-08-18T21:04:10","modified_gmt":"2021-08-19T00:04:10","slug":"se-desarrolla-la-decima-sesion-del-periodo-ordinario-de-la-camara-de-diputados-de-san-juan","status":"publish","type":"post","link":"https:\/\/vocesparalelas.com.ar\/sitio\/se-desarrolla-la-decima-sesion-del-periodo-ordinario-de-la-camara-de-diputados-de-san-juan\/","title":{"rendered":"Se desarrolla la D\u00e9cima Sesi\u00f3n del per\u00edodo ordinario de la C\u00e1mara de Diputados de San Juan"},"content":{"rendered":"<div class=\"itemFullText jbintrotext\">\n<p>El Jueves, 19 de Agosto, a partir de las 9.30 horas, la C\u00e1mara de Diputados lleva a cabo la D\u00e9cima Sesi\u00f3n del per\u00edodo ordinario en cuyo transcurso aborda diversos proyectos planteados en el Orden del D\u00eda tras la reuni\u00f3n de Labor Parlamentaria.<\/p>\n<\/div>\n<div class=\"itemFullText\">\n<p>En la ocasi\u00f3n, el cuerpo legislativo pondr\u00e1 a consideraci\u00f3n un despacho conjunto de dos proyectos de Ley de autor\u00eda de las diputadas Fernanda Paredes y Florencia Pe\u00f1aloza que tienen que ver con la adhesi\u00f3n a la Ley Nacional de la Lucha contra el Sedentarismo. Tambi\u00e9n, un proyecto de Ley presentado por el diputado Edgardo Sancassani que propone la creaci\u00f3n del Colegio de Profesionales en Instrumentaci\u00f3n Quir\u00fargica.<\/p>\n<p>Por otro lado, deber\u00e1 tratar diversos proyectos de Ley remitidos por el Poder Ejecutivo que prescriben ratificar tres convenios que tienen que ver con el intercambio de informaci\u00f3n estad\u00edstica en materia de G\u00e9nero; el financiamiento del \u201cPrograma de Desarrollo de Infraestructura de Transporte de Datos\u201d; y la promoci\u00f3n de la protecci\u00f3n de los derechos de las personas privadas de la libertad.<\/p>\n<p>Asimismo, considerar\u00e1 dos proyectos de resoluci\u00f3n vinculados, uno a la diplomatura en Gesti\u00f3n Sostenible de Proyectos y Territorios autor\u00eda de los diputados Juan Carlos Gioja, Leonardo Gioja y la diputada Graciela Seva del bloque Justicialista); y el otro al 113\u00ba aniversario del departamento Sarmiento (diputado Federico Hensel).<\/p>\n<p>Adem\u00e1s, deliberar\u00e1n sobre dos proyectos de Comunicaci\u00f3n que solicitan, por un lado, la instalaci\u00f3n de c\u00e1maras de video de vigilancia en Iglesia (diputado Enrique Monta\u00f1o); y por el otro, la soluci\u00f3n a la falta de telefon\u00eda m\u00f3vil en el departamento Valle F\u00e9rtil (diputado Silvio Atencio).<\/p>\n<p>Por \u00faltimo, el parlamento abordar\u00e1 sobre tablas un proyecto de Ley de Necesidad y Urgencia N\u00ba 2279-P por la cual la provincia de San Juan se adhiere al DECNU 2021\/494 sobre las medidas generales de prevenci\u00f3n Covid-19.<\/p>\n<p><span style=\"color: #cc99ff;\"><strong>Adhesi\u00f3n a la Ley de la Lucha contra el Sedentarismo<\/strong><\/span><\/p>\n<p>Con despacho favorable de las respectivas comisiones, el cuerpo legislativo deber\u00e1 considerar en la sesi\u00f3n un despacho conjunto de dos proyectos de Ley de autor\u00eda de las legisladoras Fernanda Paredes y Florencia Pe\u00f1aloza, referido a la Ley Nacional N\u00ba 27.197, de Lucha contra el Sedentarismo.<\/p>\n<p>Cabe se\u00f1alar que la mencionada normativa promueve la salud mediante la actividad f\u00edsica, con una mirada hol\u00edstica, en el marco de las pol\u00edticas p\u00fablicas sobre prevenci\u00f3n y control de enfermedades cr\u00f3nicas no transmisibles y de todas otras aquellas que ayuden al bienestar total de la persona.<\/p>\n<p><span style=\"color: #cc99ff;\"><strong>Creaci\u00f3n del Colegio de Profesionales en Instrumentaci\u00f3n Quir\u00fargica<\/strong><\/span><\/p>\n<p>Luego, los legisladores y legisladoras deber\u00e1n considerar el proyecto de Ley presentado por el diputado Edgardo Sancassani, mediante el cual propone la creaci\u00f3n del Colegio de Profesionales en Instrumentaci\u00f3n Quir\u00fargica a los fines de representar a los mismos y regular el ejercicio de su trabajo.<\/p>\n<p>La propuesta establece las siguientes funciones, atribuciones y deberes del nuevo organismo: dictar sus estatutos y reglamentos; representar a los colegiados ante terceros cuando estos asilo requieran; fijar y regular tasas retributivas, derechos de inscripci\u00f3n y cuotas peri\u00f3dicas y extraordinarias; ejercer el gobierno de la matricula; adquirir, administrar, disponer y gravar bienes \u00fanicamente destinados al cumplimiento de los fines del Colegio de Profesionales en Instrumentaci\u00f3n Quir\u00fargica; ejercer el poder disciplinario sobre los matriculados, sin perjuicio de las facultades que les competen a los poderes p\u00fablicos; brindar asesoramiento a sus matriculados en toda cuesti\u00f3n vinculada a la defensa y protecci\u00f3n del ejercicio de la profesi\u00f3n; promover la investigaci\u00f3n cient\u00edfica, la capacitaci\u00f3n y la especializaci\u00f3n; resolver a requerimiento de los interesados en car\u00e1cter de \u00e1rbitro, cuestiones que se susciten entre los colegiados y\/o entre estos y tercero; promover beneficios inherentes a la ayuda mutua, recreaci\u00f3n y seguridad social de los colegiados; y toda otra acci\u00f3n que fije la reglamentaci\u00f3n y sus estatutos, necesaria para el cumplimiento de los fines del colegio.<\/p>\n<p>Por otro lado, seg\u00fan esta iniciativa, el patrimonio del colegio se constituye con: las tasas retributivas, cuotas peri\u00f3dicas o extraordinarias de sus socios y los derechos de inscripci\u00f3n en la matr\u00edcula; los montos de las multas que aplique el colegio; las donaciones, legados y subsidios; bienes y rentas que produzcan; otros recursos que le otorguen las leyes y los estatutos.<\/p>\n<p>En cuanto a la matr\u00edcula, el art\u00edculo 6\u00ba sostiene que \u201cla inscripci\u00f3n se efect\u00faa a solicitud del interesado, habiendo cumplimentado los siguientes recaudos: acreditar su identidad; exhibir en original el t\u00edtulo profesional habilitante; constituir domicilio profesional dentro de la jurisdicci\u00f3n provincial; no encontrarse inhabilitado para el ejercicio de la profesi\u00f3n; no encontrarse afectado por incompatibilidad legal o reglamentaria; prestar juramento de fiel y leal desempe\u00f1o de la profesi\u00f3n ante el presidente del Colegio; dem\u00e1s requisitos administrativos que establezca el Colegio.<\/p>\n<p><span style=\"color: #cc99ff;\"><strong>Intercambio de informaci\u00f3n estad\u00edstica en materia de G\u00e9nero<\/strong><\/span><\/p>\n<p>Despu\u00e9s, los diputados y diputadas tratar\u00e1n el proyecto de Ley remitido por el Poder Ejecutivo, mediante mensaje N\u00ba 74, que propone ratificar el acta complementaria N\u00b0 3 del convenio marco de asistencia y cooperaci\u00f3n celebrada entre el Ministerio de las Mujeres, G\u00e9neros y Diversidad, representado por su titular, Elizabeth Victoria G\u00f3mez Alcorta y la provincia de San Juan, representada por la ministro de Gobierno,\u00a0 Ana Fabiola Aubone.<\/p>\n<p>El objeto de este acuerdo consiste en articular acciones de cooperaci\u00f3n t\u00e9cnica en materia de gesti\u00f3n de la informaci\u00f3n, en donde las partes pactan el intercambio de informaci\u00f3n estad\u00edstica y\/o registros, ya sea a trav\u00e9s de sistemas de ingesta, transferencia o uso de sistemas de informaci\u00f3n com\u00fan, en materia de g\u00e9nero, igualdad y diversidad, y en particular en relaci\u00f3n a los casos, consultas, denuncias y otros datos de inter\u00e9s vinculados a las violencias por motivos de g\u00e9nero, en el marco del Sistema Integrado de Casos de Violencia por Motivos de G\u00e9nero del Ministerio de Mujeres, G\u00e9neros y Diversidad.<\/p>\n<p><span style=\"color: #cc99ff;\"><strong>Financiamiento del \u201cPrograma de Desarrollo de Infraestructura de Transporte de Datos\u201d<\/strong><\/span><\/p>\n<p>Tambi\u00e9n con despacho positivo, ser\u00e1 abordado un proyecto de Ley presentado por el Poder Ejecutivo, mediante mensaje N\u00ba 75, el cual propone aprobar el convenio de Asistencia Financiera entre el Fondo Fiduciario Federal de Infraestructura Regional, y la provincia de San Juan, por hasta la suma de pesos setecientos millones ($ 700.000.000,00), con m\u00e1s sus intereses, para el financiamiento del \u00abPrograma de Desarrollo de Infraestructura de Transporte de Datos, Infraestructura Fundacionales que permite la Universalizaci\u00f3n de Acceso a Internet y Datos M\u00f3viles- San Juan Conectada Fase I\u00bb.<\/p>\n<p><span style=\"color: #cc99ff;\"><strong>Promoci\u00f3n de la protecci\u00f3n de los derechos de las personas privadas de la libertad<\/strong><\/span><\/p>\n<p>M\u00e1s tarde, la C\u00e1mara deber\u00e1 considerar un proyecto de Ley presentado por el Poder Ejecutivo, mediante mensaje N\u00ba 80, que propone ratificar un convenio marco de colaboraci\u00f3n entre el Ministerio de Gobierno y el Comit\u00e9 Nacional para la Prevenci\u00f3n de la Tortura, suscripto el 2 de octubre del a\u00f1o 2020.<\/p>\n<p>El objeto del acuerdo consiste en establecer acciones conjuntas y coordinadas, orientadas a promover la protecci\u00f3n de los derechos de las personas privadas de la libertad y su acceso de la justicia, y generar herramientas para erradicar pr\u00e1cticas que atenten contra su vida e integridad personal, especialmente la tortura y otros tratos crueles, inhumanos o degradantes.<\/p>\n<p><span style=\"color: #cc99ff;\"><strong>Adhesi\u00f3n a nuevas medidas de prevenci\u00f3n Covid-19<\/strong><\/span><\/p>\n<p>Asimismo, tratar\u00e1 sobre tablas la Comunicaci\u00f3n Oficial remitida por el Poder Ejecutivo que da noticia de la sanci\u00f3n de la Ley de Necesidad y Urgencia N\u00ba 2279-P por la cual la provincia de San Juan se adhiere al DECNU 2021-494 sobre medidas generales de prevenci\u00f3n Covid-19.<\/p>\n<p><span style=\"color: #cc99ff;\"><strong>Proyectos de Resoluci\u00f3n<\/strong><\/span><\/p>\n<p>Adem\u00e1s, el Poder Legislativo deber\u00e1 considerar los siguientes proyectos de resoluci\u00f3n que proponen declarar de inter\u00e9s:<\/p>\n<ul>\n<li>\u201cProvincial, Educativo, Social y Ambiental\u201d la diplomatura en Gesti\u00f3n Sostenible de Proyectos y Territorios inspirada en la enc\u00edclica Laudato Si, dictada por la Facultad de Ciencias Econ\u00f3micas de la Universidad Cat\u00f3lica de Cuyo, y el Centro de Estudios para el Desarrollo Inclusivo. (autor\u00eda de los diputados Juan Carlos Gioja, Leonardo Gioja y la diputada Graciela Seva del bloque Justicialista)<\/li>\n<li>\u201cSocial y Cultural\u201d, las actividades que se llevar\u00e1n a cabo por el 113\u00ba Aniversario del Departamento Sarmiento. (diputado Federico Hensel)<\/li>\n<\/ul>\n<p><span style=\"color: #cc99ff;\"><strong>Proyectos de Comunicaci\u00f3n<\/strong><\/span><\/p>\n<p>Seguidamente, la C\u00e1mara considerar\u00e1 los siguientes proyectos de Comunicaci\u00f3n que solicitan al Poder Ejecutivo provincial:<\/p>\n<ul>\n<li>tome las medidas necesarias a los fines de instalar diez (10) c\u00e1maras de video vigilancia tipo domo 360\u00ba en el departamento Iglesia. (diputado Enrique Monta\u00f1o- bloque San Juan Primero)<\/li>\n<li>arbitre las medidas necesarias para solucionar la falta de telefon\u00eda m\u00f3vil en zonas del departamento Valle F\u00e9rtil. (diputado Silvio Atencio- bloque Justicialista)<\/li>\n<\/ul>\n<p><span style=\"color: #cc99ff;\">\u00a0<strong>Proyectos presentados<\/strong><\/span><\/p>\n<p>En esta oportunidad, tomar\u00e1n estado parlamentario, para su an\u00e1lisis y estudio en las respectivas comisiones, los siguientes proyectos de Ley remitidos por el Poder Ejecutivo que proponen:<\/p>\n<ul>\n<li>\u00b7 Aprobar el convenio de adhesi\u00f3n al Plan Nacional de Suelo Urbano, suscripto entre el Ministerio de Desarrollo Territorial y H\u00e1bitat de la Naci\u00f3n y la provincia de San Juan. (Legislaci\u00f3n y Asuntos Constitucionales; Obras y Servicios P\u00fablicos).<\/li>\n<li>\u00b7 Ratificar en todas sus partes el convenio marco de cooperaci\u00f3n y colaboraci\u00f3n en educaci\u00f3n financiera, entre el Banco Central de la Rep\u00fablica Argentina y el gobierno de la Provincia de San Juan. (Legislaci\u00f3n y Asuntos Constitucionales; Educaci\u00f3n, Cultura, Ciencia y T\u00e9cnica).<\/li>\n<li>\u00b7 Designar como autoridad de aplicaci\u00f3n de la Ley Nacional N\u00ba 27.520 de Presupuestos M\u00ednimos de Adaptaci\u00f3n y Mitigaci\u00f3n al Cambio Clim\u00e1tico Global, a la Secretar\u00eda de Estado de Ambiente y Desarrollo Sustentable. (Legislaci\u00f3n y Asuntos Constitucionales; Turismo, Ambiente y Desarrollo Sostenible).<\/li>\n<\/ul>\n<p>Por otra parte, ingresar\u00e1n a comisiones los siguientes proyectos de Ley presentados por diputados y diputas, que proponen:<\/p>\n<ul>\n<li>\u00b7 Adherir a la Ley Nacional N\u00ba 27.533 sobre Protecci\u00f3n Integral a las Mujeres. (A sus antecedentes. Autor\u00eda diputada Florencia Pe\u00f1aloza- bloque ConFe Somos San Juan)<\/li>\n<li>\u00b7 Sustituir el art\u00edculo 412 de la Ley N\u00ba 1170-A, Ley de Donaci\u00f3n de Bienes Inmuebles. (Comisiones: Legislaci\u00f3n y Asuntos Constitucionales; \u00a0Obras y Servicios P\u00fablicos. Autor\u00eda: diputado Enrique Monta\u00f1o-bloque San Juan Primero)<\/li>\n<li>\u00b7 Establecer la obligatoriedad que los supermercados e hipermercados cuenten con carritos y canastos de compras adaptados para el uso de personas con movilidad reducida. (Comisiones: Legislaci\u00f3n y Asuntos Constitucionales; Discapacidad. Autor\u00eda: diputada Nancy Pic\u00f3n y diputado Sergio Miodowsky- bloque Producci\u00f3n y Trabajo)<\/li>\n<\/ul>\n<p>Tambi\u00e9n, ser\u00e1n girados a sus respectivas comisiones los siguientes proyectos de resoluci\u00f3n que proponen declarar de inter\u00e9s:<\/p>\n<ul>\n<li>\u201cCultural, Social y Deportivo\u201d, la participaci\u00f3n de los atletas argentinos, en especial de los seis sanjuaninos, en las Olimpiadas Tokio 2020. (Comisi\u00f3n: Salud y Deportes. Autor\u00eda: diputada Fernanda Paredes -bloque Justicialista)<\/li>\n<li>\u201cSocial y Cultural\u201d, el Primer Encuentro Infanto Juvenil de Artesanos Vallistos \u00abArte Ni\u00f1o\u00bb. (Comisi\u00f3n: Educaci\u00f3n, Cultura, Ciencia y T\u00e9cnica. Autor\u00eda: diputado Silvio Atencio- bloque Justicialista)<\/li>\n<\/ul>\n<p>Por \u00faltimo, la C\u00e1mara de Diputados enviar\u00e1 a comisiones dos proyectos de declaraci\u00f3n: uno presentado por el diputado Juan Carlos Abarca del bloque Justicialista que declara su benepl\u00e1cito por la participaci\u00f3n de atletas sanjuaninos en los Juegos Ol\u00edmpicos Tokio 2020; y otro presentado por Interbloque Con Vos (bloque Producci\u00f3n y Trabajo, Pro-Juntos por el cambio y Actuar), por el que se repudia el incumplimiento del Aislamiento Social, Preventivo y Obligatorio por parte del presidente de la Naci\u00f3n.<\/p>\n<\/div>\n","protected":false},"excerpt":{"rendered":"<p>El Jueves, 19 de Agosto, a partir de las 9.30 horas, la C\u00e1mara de Diputados lleva a cabo la D\u00e9cima<\/p>\n","protected":false},"author":3,"featured_media":37951,"comment_status":"closed","ping_status":"closed","sticky":false,"template":"","format":"standard","meta":{"_acf_changed":false,"_seopress_robots_primary_cat":"none","_seopress_titles_title":"","_seopress_titles_desc":"","_seopress_robots_index":"","colormag_page_container_layout":"default_layout","colormag_page_sidebar_layout":"default_layout","footnotes":""},"categories":[1],"tags":[],"class_list":["post-40851","post","type-post","status-publish","format-standard","has-post-thumbnail","hentry","category-destacadas"],"acf":[],"_links":{"self":[{"href":"https:\/\/vocesparalelas.com.ar\/sitio\/wp-json\/wp\/v2\/posts\/40851","targetHints":{"allow":["GET"]}}],"collection":[{"href":"https:\/\/vocesparalelas.com.ar\/sitio\/wp-json\/wp\/v2\/posts"}],"about":[{"href":"https:\/\/vocesparalelas.com.ar\/sitio\/wp-json\/wp\/v2\/types\/post"}],"author":[{"embeddable":true,"href":"https:\/\/vocesparalelas.com.ar\/sitio\/wp-json\/wp\/v2\/users\/3"}],"replies":[{"embeddable":true,"href":"https:\/\/vocesparalelas.com.ar\/sitio\/wp-json\/wp\/v2\/comments?post=40851"}],"version-history":[{"count":1,"href":"https:\/\/vocesparalelas.com.ar\/sitio\/wp-json\/wp\/v2\/posts\/40851\/revisions"}],"predecessor-version":[{"id":40853,"href":"https:\/\/vocesparalelas.com.ar\/sitio\/wp-json\/wp\/v2\/posts\/40851\/revisions\/40853"}],"wp:featuredmedia":[{"embeddable":true,"href":"https:\/\/vocesparalelas.com.ar\/sitio\/wp-json\/wp\/v2\/media\/37951"}],"wp:attachment":[{"href":"https:\/\/vocesparalelas.com.ar\/sitio\/wp-json\/wp\/v2\/media?parent=40851"}],"wp:term":[{"taxonomy":"category","embeddable":true,"href":"https:\/\/vocesparalelas.com.ar\/sitio\/wp-json\/wp\/v2\/categories?post=40851"},{"taxonomy":"post_tag","embeddable":true,"href":"https:\/\/vocesparalelas.com.ar\/sitio\/wp-json\/wp\/v2\/tags?post=40851"}],"curies":[{"name":"wp","href":"https:\/\/api.w.org\/{rel}","templated":true}]}}