{"id":40830,"date":"2021-08-17T23:25:51","date_gmt":"2021-08-18T02:25:51","guid":{"rendered":"https:\/\/vocesparalelas.com.ar\/sitio\/?p=40830"},"modified":"2021-08-17T23:25:51","modified_gmt":"2021-08-18T02:25:51","slug":"171o-aniversario-del-paso-a-la-inmortalidad-del-general-jose-de-san-martin","status":"publish","type":"post","link":"https:\/\/vocesparalelas.com.ar\/sitio\/171o-aniversario-del-paso-a-la-inmortalidad-del-general-jose-de-san-martin\/","title":{"rendered":"171\u00ba aniversario del paso a la inmortalidad del General Jos\u00e9 de San Mart\u00edn"},"content":{"rendered":"<div class=\"itemFullText jbintrotext\">\n<p>El Martes, 17 de Agosto, se desarroll\u00f3 la ceremonia por el 171\u00ba aniversario del paso a la inmortalidad del General Jos\u00e9 de San Mart\u00edn, que fue cumplida ante la estatua ecuestre que honra al Padre de la Patria, ubicada sobre avenida Libertador General San Mart\u00edn, delante del Parque de Mayo.<\/p>\n<\/div>\n<div class=\"itemFullText\">\n<p>En la ocasi\u00f3n, estuvieron presentes entre otros, el intendente municipal de la ciudad de San Juan, Emilio Baistrocchi; la diputada provincial representante por Capital, Celina Ramella; el secretario Legislativo de la C\u00e1mara de Diputados, Nicol\u00e1s Alvo; el secretario de Seguridad y Orden P\u00fablico, Carlos Munisaga; el secretario de Relaciones Institucionales del Ministerio de Gobierno, Marcelo Fretes; el presidente del Concejo Deliberante de la ciudad de San Juan, Ariel Palma; el presidente de la Asociaci\u00f3n Sanmartiniana, Miguel \u00c1ngel Licciardi; representantes de las fuerzas armadas y de seguridad; miembros de las comunidades peruana y chilena con residencia en la provincia, invitados especiales y p\u00fablico en general.<\/p>\n<p>Una formaci\u00f3n de efectivos del Regimiento de Infanter\u00eda de Monta\u00f1a 22 con la bandera de ceremonia form\u00f3 delante de la estatua ecuestre y la ceremonia comenz\u00f3 con la entonaci\u00f3n del Himno Nacional Argentino por parte de los presentes, ejecutado por la Banda de M\u00fasica de la Polic\u00eda de San Juan, tras lo cual fueron depositadas ofrendas de laureles al pie del monumento ecuestre que perpet\u00faa la memoria del pr\u00f3cer y en este sentido, en representaci\u00f3n de la C\u00e1mara de Diputados lo hicieron la legisladora Celina Ramella y el secretario Legislativo, Nicol\u00e1s Alvo.<\/p>\n<p>En la oportunidad, honraron al pr\u00f3cer con sus palabras el titular de la Asociaci\u00f3n Sanmartiniana, Dr. Miguel \u00c1ngel Licciardi y el intendente municipal de la ciudad de San Juan, Dr. Emilio Baistrocchi, quienes destacaron la grandeza de lo realizado por el General Don Jos\u00e9 de San Mart\u00edn.<\/p>\n<\/div>\n","protected":false},"excerpt":{"rendered":"<p>El Martes, 17 de Agosto, se desarroll\u00f3 la ceremonia por el 171\u00ba aniversario del paso a la inmortalidad del General<\/p>\n","protected":false},"author":3,"featured_media":40832,"comment_status":"closed","ping_status":"closed","sticky":false,"template":"","format":"standard","meta":{"_acf_changed":false,"_seopress_robots_primary_cat":"none","_seopress_titles_title":"","_seopress_titles_desc":"","_seopress_robots_index":"","colormag_page_container_layout":"default_layout","colormag_page_sidebar_layout":"default_layout","footnotes":""},"categories":[1],"tags":[],"class_list":["post-40830","post","type-post","status-publish","format-standard","has-post-thumbnail","hentry","category-destacadas"],"acf":[],"_links":{"self":[{"href":"https:\/\/vocesparalelas.com.ar\/sitio\/wp-json\/wp\/v2\/posts\/40830","targetHints":{"allow":["GET"]}}],"collection":[{"href":"https:\/\/vocesparalelas.com.ar\/sitio\/wp-json\/wp\/v2\/posts"}],"about":[{"href":"https:\/\/vocesparalelas.com.ar\/sitio\/wp-json\/wp\/v2\/types\/post"}],"author":[{"embeddable":true,"href":"https:\/\/vocesparalelas.com.ar\/sitio\/wp-json\/wp\/v2\/users\/3"}],"replies":[{"embeddable":true,"href":"https:\/\/vocesparalelas.com.ar\/sitio\/wp-json\/wp\/v2\/comments?post=40830"}],"version-history":[{"count":1,"href":"https:\/\/vocesparalelas.com.ar\/sitio\/wp-json\/wp\/v2\/posts\/40830\/revisions"}],"predecessor-version":[{"id":40833,"href":"https:\/\/vocesparalelas.com.ar\/sitio\/wp-json\/wp\/v2\/posts\/40830\/revisions\/40833"}],"wp:featuredmedia":[{"embeddable":true,"href":"https:\/\/vocesparalelas.com.ar\/sitio\/wp-json\/wp\/v2\/media\/40832"}],"wp:attachment":[{"href":"https:\/\/vocesparalelas.com.ar\/sitio\/wp-json\/wp\/v2\/media?parent=40830"}],"wp:term":[{"taxonomy":"category","embeddable":true,"href":"https:\/\/vocesparalelas.com.ar\/sitio\/wp-json\/wp\/v2\/categories?post=40830"},{"taxonomy":"post_tag","embeddable":true,"href":"https:\/\/vocesparalelas.com.ar\/sitio\/wp-json\/wp\/v2\/tags?post=40830"}],"curies":[{"name":"wp","href":"https:\/\/api.w.org\/{rel}","templated":true}]}}