{"id":40826,"date":"2021-08-17T23:20:19","date_gmt":"2021-08-18T02:20:19","guid":{"rendered":"https:\/\/vocesparalelas.com.ar\/sitio\/?p=40826"},"modified":"2021-08-17T23:20:19","modified_gmt":"2021-08-18T02:20:19","slug":"definieron-el-temario-de-la-decima-sesion-del-periodo-ordinario-en-la-reunion-de-labor-parlamentaria","status":"publish","type":"post","link":"https:\/\/vocesparalelas.com.ar\/sitio\/definieron-el-temario-de-la-decima-sesion-del-periodo-ordinario-en-la-reunion-de-labor-parlamentaria\/","title":{"rendered":"Definieron el temario de la D\u00e9cima Sesi\u00f3n del per\u00edodo ordinario en la reuni\u00f3n de Labor Parlamentaria"},"content":{"rendered":"<div class=\"itemFullText jbintrotext\">\n<p>El Martes, 17 de Agosto, el Poder Legislativo llev\u00f3 a cabo la reuni\u00f3n de Labor Parlamentaria para definir los temas que contiene el orden del d\u00eda de la D\u00e9cima Sesi\u00f3n del per\u00edodo ordinario, a realizarse el Jueves, 19 de Agosto de 2021, a partir de las 9.30 horas.<\/p>\n<\/div>\n<div class=\"itemFullText\">\n<p>El encuentro, realizado en el recinto, estuvo presidido por el vicegobernador CPN Roberto Gattoni. Particip\u00f3 el secretario Legislativo, Dr. Nicol\u00e1s Alvo; los vicepresidentes primero, diputado Eduardo Cabello; segundo, Carlos Platero; y alterno, Dr. Edgardo Sancassani. Tambi\u00e9n, los legisladores presidentes de los bloques: Justicialista, Juan Carlos Abarca; Frente Grande, Horacio Quiroga; Actuar, Gustavo Us\u00edn; PRO-Juntos por el Cambio, Enzo Cornejo; Producci\u00f3n y Trabajo, Sergio Miodowsky; San Juan Primero, Enrique Monta\u00f1o y la diputada titular del bloque ConFe Somos San Juan, Florencia Pe\u00f1aloza.<\/p>\n<p><span style=\"color: #800080;\"><strong>Intercambio de informaci\u00f3n estad\u00edstica en materia de G\u00e9nero<\/strong><\/span><\/p>\n<p>Con despacho favorable de las respectivas comisiones, el cuerpo legislativo deber\u00e1 considerar en la sesi\u00f3n el proyecto de Ley remitido por el Poder Ejecutivo, mediante mensaje N\u00ba 74, que propone ratificar el acta complementaria N\u00b0 3 del convenio marco de asistencia y cooperaci\u00f3n celebrada entre el Ministerio de las Mujeres, G\u00e9neros y Diversidad, representado por su titular, Elizabeth Victoria G\u00f3mez Alcorta y la provincia de San Juan, representada por la ministro de Gobierno,\u00a0 Ana Fabiola Aubone.<\/p>\n<p>El objeto de este acuerdo consiste en articular acciones de cooperaci\u00f3n t\u00e9cnica en materia de gesti\u00f3n de la informaci\u00f3n, en donde las partes pactan el intercambio de informaci\u00f3n estad\u00edstica y\/o registros, ya sea a trav\u00e9s de sistemas de ingesta, transferencia o uso de sistemas de informaci\u00f3n com\u00fan, en materia de g\u00e9nero, igualdad y diversidad, y en particular en relaci\u00f3n a los casos, consultas, denuncias y otros datos de inter\u00e9s vinculados a las violencias por motivos de g\u00e9nero, en el marco del Sistema Integrado de Casos de Violencia por Motivos de G\u00e9nero del Ministerio de Mujeres, G\u00e9neros y Diversidad.<\/p>\n<p><span style=\"color: #800080;\"><strong>Financiamiento del \u201cPrograma de Desarrollo de Infraestructura de Transporte de Datos\u201d<\/strong><\/span><\/p>\n<p>Tambi\u00e9n con despacho positivo, ser\u00e1 abordado un proyecto de Ley presentado por el Poder Ejecutivo, mediante mensaje N\u00ba 75, el cual propone aprobar el convenio de Asistencia Financiera entre el Fondo Fiduciario Federal de Infraestructura Regional, y la provincia de San Juan, por hasta la suma de pesos setecientos millones ($ 700.000.000,00), con m\u00e1s sus intereses, para el financiamiento del \u00abPrograma de Desarrollo de Infraestructura de Transporte de Datos, Infraestructura Fundacionales que permite la Universalizaci\u00f3n de Acceso a Internet y Datos M\u00f3viles- San Juan Conectada Fase I\u00bb.<\/p>\n<p><span style=\"color: #800080;\"><strong>Promoci\u00f3n de la protecci\u00f3n de los derechos de las personas privadas de la libertad<\/strong><\/span><\/p>\n<p>Luego, con despacho favorable, la C\u00e1mara deber\u00e1 considerar un proyecto de Ley presentado por el Poder Ejecutivo, mediante mensaje N\u00ba 80, que propone ratificar un convenio marco de colaboraci\u00f3n entre el Ministerio de Gobierno y el Comit\u00e9 Nacional para la Prevenci\u00f3n de la Tortura, suscripto el 2 de octubre del a\u00f1o 2020.<\/p>\n<p>El objeto del acuerdo consiste en establecer acciones conjuntas y coordinadas, orientadas a promover la protecci\u00f3n de los derechos de las personas privadas de la libertad y su acceso de la justicia, y generar herramientas para erradicar pr\u00e1cticas que atenten contra su vida e integridad personal, especialmente la tortura y otros tratos crueles, inhumanos o degradantes.<\/p>\n<p><span style=\"color: #800080;\"><strong>Adhesi\u00f3n a la Ley de la Lucha contra el Sedentarismo<\/strong><\/span><\/p>\n<p>Despu\u00e9s, los diputados y diputadas tratar\u00e1n un despacho conjunto de dos proyectos de Ley de autor\u00eda de las legisladoras Fernanda Paredes y Florencia Pe\u00f1aloza, referido a la Ley Nacional N\u00ba 27.197, de Lucha contra el Sedentarismo.<\/p>\n<p>Cabe se\u00f1alar que la mencionada normativa promueve la salud mediante la actividad f\u00edsica, con una mirada hol\u00edstica, en el marco de las pol\u00edticas p\u00fablicas sobre prevenci\u00f3n y control de enfermedades cr\u00f3nicas no transmisibles y de todas otras aquellas que ayuden al bienestar total de la persona.<\/p>\n<p><span style=\"color: #800080;\"><strong>Creaci\u00f3n del Colegio de Profesionales en Instrumentaci\u00f3n Quir\u00fargica<\/strong><\/span><\/p>\n<p>M\u00e1s tarde, los legisladores y legisladoras deber\u00e1n considerar el proyecto de Ley presentado por el diputado Edgardo Sancassani, mediante el cual propone la creaci\u00f3n del Colegio de Profesionales en Instrumentaci\u00f3n Quir\u00fargica a los fines de representar a los mismos y regular el ejercicio de su trabajo.<\/p>\n<p>La propuesta establece las siguientes funciones, atribuciones y deberes del nuevo organismo: dictar sus estatutos y reglamentos; representar a los colegiados ante terceros cuando estos asilo requieran; fijar y regular tasas retributivas, derechos de inscripci\u00f3n y cuotas peri\u00f3dicas y extraordinarias; ejercer el gobierno de la matricula; adquirir, administrar, disponer y gravar bienes \u00fanicamente destinados al cumplimiento de los fines del Colegio de Profesionales en Instrumentaci\u00f3n Quir\u00fargica; ejercer el poder disciplinario sobre los matriculados, sin perjuicio de las facultades que les competen a los poderes p\u00fablicos; brindar asesoramiento a sus matriculados en toda cuesti\u00f3n vinculada a la defensa y protecci\u00f3n del ejercicio de la profesi\u00f3n; promover la investigaci\u00f3n cient\u00edfica, la capacitaci\u00f3n y la especializaci\u00f3n; resolver a requerimiento de los interesados en car\u00e1cter de \u00e1rbitro, cuestiones que se susciten entre los colegiados y\/o entre estos y tercero; promover beneficios inherentes a la ayuda mutua, recreaci\u00f3n y seguridad social de los colegiados; y toda otra acci\u00f3n que fije la reglamentaci\u00f3n y sus estatutos, necesaria para el cumplimiento de los fines del colegio.<\/p>\n<p>Por otro lado, seg\u00fan esta iniciativa, el patrimonio del colegio se constituye con: las tasas retributivas, cuotas peri\u00f3dicas o extraordinarias de sus socios y los derechos de inscripci\u00f3n en la matr\u00edcula; los montos de las multas que aplique el colegio; las donaciones, legados y subsidios; bienes y rentas que produzcan; otros recursos que le otorguen las leyes y los estatutos.<\/p>\n<p>En cuanto a la matr\u00edcula, el art\u00edculo 6\u00ba sostiene que \u201cla inscripci\u00f3n se efect\u00faa a solicitud del interesado, habiendo cumplimentado los siguientes recaudos: acreditar su identidad; exhibir en original el t\u00edtulo profesional habilitante; constituir domicilio profesional dentro de la jurisdicci\u00f3n provincial; no encontrarse inhabilitado para el ejercicio de la profesi\u00f3n; no encontrarse afectado por incompatibilidad legal o reglamentaria; prestar juramento de fiel y leal desempe\u00f1o de la profesi\u00f3n ante el presidente del Colegio; dem\u00e1s requisitos administrativos que establezca el Colegio.<\/p>\n<p><span style=\"color: #800080;\"><strong>Proyecto de Resoluci\u00f3n<\/strong><\/span><\/p>\n<p>Adem\u00e1s, el Poder Legislativo deber\u00e1 considerar un proyecto de resoluci\u00f3n que propone declarar de inter\u00e9s:<\/p>\n<ul>\n<li>\u201cProvincial, Educativo, Social y Ambiental\u201d la diplomatura en Gesti\u00f3n Sostenible de Proyectos y Territorios inspirada en la enc\u00edclica Laudato Si, dictada por la Facultad de Ciencias Econ\u00f3micas de la Universidad Cat\u00f3lica de Cuyo, y el Centro de Estudios para el Desarrollo Inclusivo. (autor\u00eda de los diputados Juan Carlos Gioja, Leonardo Gioja y la diputada Graciela Seva del bloque Justicialista)<\/li>\n<\/ul>\n<p><span style=\"color: #800080;\"><strong>Proyectos de Comunicaci\u00f3n<\/strong><\/span><\/p>\n<p>Por \u00faltimo, la C\u00e1mara considerar\u00e1 los siguientes proyectos de Comunicaci\u00f3n que solicitan al Poder Ejecutivo provincial:<\/p>\n<ul>\n<li>tome las medidas necesarias a los fines de instalar diez (10) c\u00e1maras de video vigilancia tipo domo 360\u00ba en el departamento Iglesia. (diputado Enrique Monta\u00f1o- bloque San Juan Primero)<\/li>\n<li>arbitre las medidas necesarias para solucionar la falta de telefon\u00eda m\u00f3vil en zonas del departamento Valle F\u00e9rtil. (diputado Silvio Atencio- bloque Justicialista)<\/li>\n<\/ul>\n<\/div>\n<div class=\"clear\"><\/div>\n<div class=\"b2jsocial_parent\">\n<p>&nbsp;<\/p>\n<\/div>\n","protected":false},"excerpt":{"rendered":"<p>El Martes, 17 de Agosto, el Poder Legislativo llev\u00f3 a cabo la reuni\u00f3n de Labor Parlamentaria para definir los temas<\/p>\n","protected":false},"author":3,"featured_media":40828,"comment_status":"closed","ping_status":"closed","sticky":false,"template":"","format":"standard","meta":{"_acf_changed":false,"_seopress_robots_primary_cat":"none","_seopress_titles_title":"","_seopress_titles_desc":"","_seopress_robots_index":"","colormag_page_container_layout":"default_layout","colormag_page_sidebar_layout":"default_layout","footnotes":""},"categories":[1],"tags":[],"class_list":["post-40826","post","type-post","status-publish","format-standard","has-post-thumbnail","hentry","category-destacadas"],"acf":[],"_links":{"self":[{"href":"https:\/\/vocesparalelas.com.ar\/sitio\/wp-json\/wp\/v2\/posts\/40826","targetHints":{"allow":["GET"]}}],"collection":[{"href":"https:\/\/vocesparalelas.com.ar\/sitio\/wp-json\/wp\/v2\/posts"}],"about":[{"href":"https:\/\/vocesparalelas.com.ar\/sitio\/wp-json\/wp\/v2\/types\/post"}],"author":[{"embeddable":true,"href":"https:\/\/vocesparalelas.com.ar\/sitio\/wp-json\/wp\/v2\/users\/3"}],"replies":[{"embeddable":true,"href":"https:\/\/vocesparalelas.com.ar\/sitio\/wp-json\/wp\/v2\/comments?post=40826"}],"version-history":[{"count":1,"href":"https:\/\/vocesparalelas.com.ar\/sitio\/wp-json\/wp\/v2\/posts\/40826\/revisions"}],"predecessor-version":[{"id":40829,"href":"https:\/\/vocesparalelas.com.ar\/sitio\/wp-json\/wp\/v2\/posts\/40826\/revisions\/40829"}],"wp:featuredmedia":[{"embeddable":true,"href":"https:\/\/vocesparalelas.com.ar\/sitio\/wp-json\/wp\/v2\/media\/40828"}],"wp:attachment":[{"href":"https:\/\/vocesparalelas.com.ar\/sitio\/wp-json\/wp\/v2\/media?parent=40826"}],"wp:term":[{"taxonomy":"category","embeddable":true,"href":"https:\/\/vocesparalelas.com.ar\/sitio\/wp-json\/wp\/v2\/categories?post=40826"},{"taxonomy":"post_tag","embeddable":true,"href":"https:\/\/vocesparalelas.com.ar\/sitio\/wp-json\/wp\/v2\/tags?post=40826"}],"curies":[{"name":"wp","href":"https:\/\/api.w.org\/{rel}","templated":true}]}}