{"id":40822,"date":"2021-08-17T22:50:03","date_gmt":"2021-08-18T01:50:03","guid":{"rendered":"https:\/\/vocesparalelas.com.ar\/sitio\/?p=40822"},"modified":"2021-08-19T00:06:05","modified_gmt":"2021-08-19T03:06:05","slug":"inscripciones-a-las-jornadas-del-programa-jovenes-y-memoria-en-san-juan","status":"publish","type":"post","link":"https:\/\/vocesparalelas.com.ar\/sitio\/inscripciones-a-las-jornadas-del-programa-jovenes-y-memoria-en-san-juan\/","title":{"rendered":"Inscripciones a las jornadas del Programa \u201cJ\u00f3venes y Memoria\u201d en San Juan"},"content":{"rendered":"<p>El 24 de Agosto se lanzado en San Juan\u00a0 el Programa \u201cJ\u00f3venes y Memoria\u201d, declarado de Inter\u00e9s Educativo Nacional por el Ministerio de Educaci\u00f3n de la Naci\u00f3n mediante Resoluci\u00f3n N\u00aa 3948\/EGC\/2016.<\/p>\n<p>\u201cJ\u00f3venes y Memoria, recordamos para el futuro\u201d es coordinado por la Comisi\u00f3n Provincial por la Memoria, con una trayectoria de 20 a\u00f1os de implementaci\u00f3n en el pa\u00eds.<\/p>\n<p>El programa tiene como finalidad que grupos de j\u00f3venes investiguen, narren y se apropien del pasado. A partir de la elecci\u00f3n de un tema o pregunta sobre la historia de su comunidad, los equipos de trabajo inician una investigaci\u00f3n, entrevistando a protagonistas, consultando archivos y produciendo un relato donde exponen sus conclusiones.<\/p>\n<p>Para contar sus historias, los j\u00f3venes pueden hacer un v\u00eddeo, un mural, una obra de teatro, una intervenci\u00f3n urbana, una p\u00e1gina web, un podcast, un libro, entre otros formatos que ser\u00e1 presentado en un Encuentro Final.<\/p>\n<p>Las conclusiones locales son expuestas en un encuentro provincial, donde aquellas propuestas superadoras tienen como reconocimiento poder exponerlas en un Encuentro Nacional a desarrollarse en Chapadmalal entre Noviembre y Diciembre de 2021.<\/p>\n<p>Los d\u00edas 24 y 25 de Agosto de 2021 comienzan las primeras Jornadas provinciales del Programa \u201cJ\u00f3venes y Memoria\u201d que cuentan con aval del Ministerio de Educaci\u00f3n del Gobierno de San Juan.<\/p>\n<p>Las mismas son de car\u00e1cter presencial y est\u00e1n a cargo de la Mg. Dra Sandra Raggio, directora de la Comisi\u00f3n provincial por la Memoria y la Prof. Lic. Mar\u00eda Elena Saravi, directora del Programa J\u00f3venes y Memoria.<\/p>\n<p>Tras el lanzamiento del Programa y las Jornadas-Taller presenciales ser\u00e1 implementado en la provincia en forma conjunta con los docentes capacitados y todos los j\u00f3venes interesados.<\/p>\n<p><span style=\"color: #800080;\"><strong>Jornadas-Taller<\/strong><\/span><\/p>\n<ul>\n<li>D\u00edas y horarios: Martes 24 de Agosto, de 14 hs a 19 hs &#8211; Mi\u00e9rcoles 25 de agosto de 8 hs a 13 hs.<\/li>\n<\/ul>\n<ul>\n<li>Modalidad: Presencial.<\/li>\n<\/ul>\n<ul>\n<li>Forma de inscripci\u00f3n: A trav\u00e9s de google forms<\/li>\n<\/ul>\n<p><a href=\"https:\/\/docs.google.com\/forms\/d\/1MvbSi2SZQbozzFmqmuz4yQrhkZoOSAC-ejnTaVyPdck\/viewform?edit_requested=true\">https:\/\/docs.google.com\/forms\/d\/1MvbSi2SZQbozzFmqmuz4yQrhkZoOSAC-ejnTaVyPdck\/viewform?edit_requested=true<\/a><\/p>\n<ul>\n<li>Destinatarios: Docentes secundarios, J\u00f3venes interesados del ciclo orientado &#8211; cupo limitado.<\/li>\n<\/ul>\n<ul>\n<li>Lugar: Auditorio Gobernador Eloy Camus.<\/li>\n<\/ul>\n<p>&nbsp;<\/p>\n<p>&nbsp;<\/p>\n<p>&nbsp;<\/p>\n","protected":false},"excerpt":{"rendered":"<p>El 24 de Agosto se lanzado en San Juan\u00a0 el Programa \u201cJ\u00f3venes y Memoria\u201d, declarado de Inter\u00e9s Educativo Nacional por<\/p>\n","protected":false},"author":3,"featured_media":40824,"comment_status":"closed","ping_status":"closed","sticky":false,"template":"","format":"standard","meta":{"_acf_changed":false,"_seopress_robots_primary_cat":"none","_seopress_titles_title":"","_seopress_titles_desc":"","_seopress_robots_index":"","colormag_page_container_layout":"default_layout","colormag_page_sidebar_layout":"default_layout","footnotes":""},"categories":[9],"tags":[],"class_list":["post-40822","post","type-post","status-publish","format-standard","has-post-thumbnail","hentry","category-cursos"],"acf":[],"_links":{"self":[{"href":"https:\/\/vocesparalelas.com.ar\/sitio\/wp-json\/wp\/v2\/posts\/40822","targetHints":{"allow":["GET"]}}],"collection":[{"href":"https:\/\/vocesparalelas.com.ar\/sitio\/wp-json\/wp\/v2\/posts"}],"about":[{"href":"https:\/\/vocesparalelas.com.ar\/sitio\/wp-json\/wp\/v2\/types\/post"}],"author":[{"embeddable":true,"href":"https:\/\/vocesparalelas.com.ar\/sitio\/wp-json\/wp\/v2\/users\/3"}],"replies":[{"embeddable":true,"href":"https:\/\/vocesparalelas.com.ar\/sitio\/wp-json\/wp\/v2\/comments?post=40822"}],"version-history":[{"count":1,"href":"https:\/\/vocesparalelas.com.ar\/sitio\/wp-json\/wp\/v2\/posts\/40822\/revisions"}],"predecessor-version":[{"id":40825,"href":"https:\/\/vocesparalelas.com.ar\/sitio\/wp-json\/wp\/v2\/posts\/40822\/revisions\/40825"}],"wp:featuredmedia":[{"embeddable":true,"href":"https:\/\/vocesparalelas.com.ar\/sitio\/wp-json\/wp\/v2\/media\/40824"}],"wp:attachment":[{"href":"https:\/\/vocesparalelas.com.ar\/sitio\/wp-json\/wp\/v2\/media?parent=40822"}],"wp:term":[{"taxonomy":"category","embeddable":true,"href":"https:\/\/vocesparalelas.com.ar\/sitio\/wp-json\/wp\/v2\/categories?post=40822"},{"taxonomy":"post_tag","embeddable":true,"href":"https:\/\/vocesparalelas.com.ar\/sitio\/wp-json\/wp\/v2\/tags?post=40822"}],"curies":[{"name":"wp","href":"https:\/\/api.w.org\/{rel}","templated":true}]}}