{"id":40817,"date":"2021-08-17T21:52:49","date_gmt":"2021-08-18T00:52:49","guid":{"rendered":"https:\/\/vocesparalelas.com.ar\/sitio\/?p=40817"},"modified":"2021-08-19T00:06:59","modified_gmt":"2021-08-19T03:06:59","slug":"el-6532-de-los-mayores-de-50-anos-en-san-juan-estan-vacunados-con-la-2-dosis","status":"publish","type":"post","link":"https:\/\/vocesparalelas.com.ar\/sitio\/el-6532-de-los-mayores-de-50-anos-en-san-juan-estan-vacunados-con-la-2-dosis\/","title":{"rendered":"El 65,32% de los mayores de 50 a\u00f1os en San Juan est\u00e1n vacunados con la 2\u00b0 Dosis"},"content":{"rendered":"<p>Desde el Ministerio de Salud de la Provincia se avanza, sin pausas, en la implementaci\u00f3n del Calendario Provincial de Vacunaci\u00f3n.<\/p>\n<p>Ya se han recibido en la provincia\u00a0734.460\u00a0vacunas de las marcas Sputnik V, Sinopharm, AstraZeneca y Moderna, de las cuales se han aplicado\u00a0643.356<\/p>\n<p>Del primer componente, han inoculado\u00a0457.776 (84,83%)\u00a0personas de los distintos grupos etarios en que se divide la campa\u00f1a de vacunaci\u00f3n. De la segunda dosis,\u00a0185.580 (40,52%).<\/p>\n<p>El ritmo de la campa\u00f1a es intenso, ya que se busca vacunar a la mayor cantidad de personas para lograr en poco tiempo la \u201cinmunidad de reba\u00f1o\u201d con las segundas dosis.<\/p>\n<p>Seg\u00fan los objetivos que se han fijado desde Naci\u00f3n para continuar con el Plan Estrat\u00e9gico de Vacunaci\u00f3n contra el Covid-19, agosto ser\u00e1 el mes que m\u00e1s inmunizaciones se hagan con las segundas dosis. Y en este sentido, la idea de la cartera sanitaria nacional es llegar con este componente a superar el 60% del grupo etario de\u00a0<strong>+50 a\u00f1os.<\/strong><\/p>\n<p>En San Juan esa meta ya se ha superado. Se lleva inmunizado con el\u00a0segundo componente el 65,32%\u00a0y con el\u00a0primer componente, en este grupo etario, el 89,96%.<\/p>\n<p>Ya hab\u00edan anticipado desde Naci\u00f3n que este mes llegar\u00edan m\u00e1s segundas dosis, seg\u00fan el compromiso del Fondo de Inversi\u00f3n Ruso. Para ello, se prev\u00e9 que en la segunda quincena de agosto lleguen m\u00e1s de 2 millones de estas vacunas que ser\u00e1n destinados a las distintas provincias.<\/p>\n<p><span style=\"color: #ff0000;\"><strong>Porcentajes de vacunaci\u00f3n en los grupos restantes<\/strong><\/span><\/p>\n<ul>\n<li><span style=\"color: #ff0000;\"><strong>12 a 17 a\u00f1os<\/strong>:<\/span> primera dosis, 24,82%<\/li>\n<li><strong><span style=\"color: #ff0000;\">18 a 29 a\u00f1os<\/span><\/strong><span style=\"color: #ff0000;\">:<\/span> primera dosis, 89,21%; segunda dosis, 26;42%<\/li>\n<li><span style=\"color: #ff0000;\"><strong>30 a 39 a\u00f1os<\/strong>:<\/span> primera dosis, 80,34%; segunda dosis, 28,1%<\/li>\n<li><span style=\"color: #ff0000;\"><strong>40 a 49 a\u00f1os<\/strong><\/span>: primera dosis, 86,3%; segunda dosis, 32,03%<\/li>\n<\/ul>\n<p>&nbsp;<\/p>\n<p>&nbsp;<\/p>\n<p>&nbsp;<\/p>\n","protected":false},"excerpt":{"rendered":"<p>Desde el Ministerio de Salud de la Provincia se avanza, sin pausas, en la implementaci\u00f3n del Calendario Provincial de Vacunaci\u00f3n.<\/p>\n","protected":false},"author":3,"featured_media":36768,"comment_status":"closed","ping_status":"closed","sticky":false,"template":"","format":"standard","meta":{"_acf_changed":false,"_seopress_robots_primary_cat":"none","_seopress_titles_title":"","_seopress_titles_desc":"","_seopress_robots_index":"","colormag_page_container_layout":"default_layout","colormag_page_sidebar_layout":"default_layout","footnotes":""},"categories":[6],"tags":[],"class_list":["post-40817","post","type-post","status-publish","format-standard","has-post-thumbnail","hentry","category-eventos"],"acf":[],"_links":{"self":[{"href":"https:\/\/vocesparalelas.com.ar\/sitio\/wp-json\/wp\/v2\/posts\/40817","targetHints":{"allow":["GET"]}}],"collection":[{"href":"https:\/\/vocesparalelas.com.ar\/sitio\/wp-json\/wp\/v2\/posts"}],"about":[{"href":"https:\/\/vocesparalelas.com.ar\/sitio\/wp-json\/wp\/v2\/types\/post"}],"author":[{"embeddable":true,"href":"https:\/\/vocesparalelas.com.ar\/sitio\/wp-json\/wp\/v2\/users\/3"}],"replies":[{"embeddable":true,"href":"https:\/\/vocesparalelas.com.ar\/sitio\/wp-json\/wp\/v2\/comments?post=40817"}],"version-history":[{"count":1,"href":"https:\/\/vocesparalelas.com.ar\/sitio\/wp-json\/wp\/v2\/posts\/40817\/revisions"}],"predecessor-version":[{"id":40819,"href":"https:\/\/vocesparalelas.com.ar\/sitio\/wp-json\/wp\/v2\/posts\/40817\/revisions\/40819"}],"wp:featuredmedia":[{"embeddable":true,"href":"https:\/\/vocesparalelas.com.ar\/sitio\/wp-json\/wp\/v2\/media\/36768"}],"wp:attachment":[{"href":"https:\/\/vocesparalelas.com.ar\/sitio\/wp-json\/wp\/v2\/media?parent=40817"}],"wp:term":[{"taxonomy":"category","embeddable":true,"href":"https:\/\/vocesparalelas.com.ar\/sitio\/wp-json\/wp\/v2\/categories?post=40817"},{"taxonomy":"post_tag","embeddable":true,"href":"https:\/\/vocesparalelas.com.ar\/sitio\/wp-json\/wp\/v2\/tags?post=40817"}],"curies":[{"name":"wp","href":"https:\/\/api.w.org\/{rel}","templated":true}]}}