{"id":40801,"date":"2021-08-16T21:05:39","date_gmt":"2021-08-17T00:05:39","guid":{"rendered":"http:\/\/vocesparalelas.com.ar\/sitio\/?p=40801"},"modified":"2021-08-18T00:24:54","modified_gmt":"2021-08-18T03:24:54","slug":"la-crisis-hidrica-es-un-conflicto-mundial-de-escasez-que-llego-para-quedarse-tambien-en-san-juan","status":"publish","type":"post","link":"https:\/\/vocesparalelas.com.ar\/sitio\/la-crisis-hidrica-es-un-conflicto-mundial-de-escasez-que-llego-para-quedarse-tambien-en-san-juan\/","title":{"rendered":"La crisis h\u00eddrica es un conflicto mundial de escasez, que lleg\u00f3 para quedarse tambi\u00e9n en San Juan"},"content":{"rendered":"<p>La crisis h\u00eddrica es una urgencia que se ha vuelto cada vez m\u00e1s visible en la \u00faltima d\u00e9cada, particularmente este a\u00f1o en que las temperaturas del invierno se han mantenido ostensiblemente altas y las precipitaciones muy por lo bajo de lo habitual, en comparaci\u00f3n a otras temporadas.<\/p>\n<p>Por el\u00a0Lic. Prof. Fernando A. Ocampo Bravo<\/p>\n<p>El agua es el elemento m\u00e1s importante para los seres vivos. Gracias a su presencia, el cuerpo humano puede llevar a cabo los procesos biol\u00f3gicos. El vital elemento del agua es universalmente cotizado en todos los aspectos. El agua se empez\u00f3 a cotizar en Wall Street a fines del 2020 en plena pandemia mundial. Como es sabido, lo que sucedi\u00f3 es que el derecho de uso del agua se est\u00e1 cotizando en el mercado de futuros de la bolsa de Nueva York, en Wall Street. Es decir, los inversionistas apuestan sobre la escasez o abundancia del agua para un futuro cercano.<\/p>\n<p>Que el agua entr\u00f3 en el \u2018juego\u2019 de la oferta y la demanda es algo que ya hab\u00eda ocurrido en otros sitios. En otras naciones existen mercados de agua y bancos de agua, donde se establecen acuerdos entre personas (concesionarios) que cuentan con derecho de uso del agua y productores que la necesitan, para ofrecer o realizar alg\u00fan producto o servicio.<\/p>\n<p>Es decir, desde antes se negociaba el uso del agua, aunque no deja de ser llamativo e importante que ahora esto se formalice en la Bolsa y respecto al estado m\u00e1s importante para la econom\u00eda de Estados Unidos y otros pa\u00edses.<\/p>\n<p>Este a\u00f1o, junto al 2019, se est\u00e1 manifestando como el m\u00e1s seco de los que se tiene registro, una realidad inminente que amerita la implementaci\u00f3n de medidas urgentes por parte del ejecutivo, los privados y la ciudadan\u00eda. Otra cosa no menor en paralelo a la crisis h\u00eddrica, es que este a\u00f1o en el hemisferio norte, la ola de calor hubo m\u00e1s de 400 muertos en Canad\u00e1 y 80 en EE.UU. en medio de temperaturas r\u00e9cord, el panorama no es muy alentador, cambios clim\u00e1ticos.<\/p>\n<p>El Programa de Naciones Unidas para el Desarrollo subraya que \u201cla crisis mundial del agua nace de la desigualdad, la pobreza y el poder, y no de la disponibilidad f\u00edsica\u201d.<\/p>\n<p>La falta de agua y saneamiento es una afrenta al g\u00e9nero humano y m\u00e1s inadmisible a\u00fan en una Am\u00e9rica Latina con tanto potencial. Vulneran el derecho a la vida y la dignidad de millones, y es \u00e9ticamente intolerable. Se impone ponerlas en el centro de la agenda colectiva y actuar.<\/p>\n<p>Seg\u00fan datos del Tercer Informe sobre el desarrollo de los recursos h\u00eddricos en el mundo de UNESCO, pr\u00e1cticamente dos de cada tres personas sin acceso a agua potable sobreviven con menos de USD $ 2 al d\u00eda y una de cada tres lo hace con menos de USD $ 1 diario.<\/p>\n<p>M\u00e1s de 660 millones de personas sin acceso a un saneamiento adecuado viven con menos de 2 USD $ 2 al d\u00eda y m\u00e1s de 385 millones con menos de USD $ 1 diario. Estos datos ponen en evidencia las dificultades econ\u00f3micas para mejorar el acceso a dichos servicios a trav\u00e9s de las inversiones de los hogares. Este hecho es de gran importancia, ya que se calcula que suelen ser los hogares, y no las agencias p\u00fablicas, los que m\u00e1s invierten en saneamiento b\u00e1sico, en una proporci\u00f3n t\u00edpica de 10 a 1.<\/p>\n<p>Seg\u00fan datos de las FAO (la organizaci\u00f3n de las Naciones Unidas para la alimentaci\u00f3n y la agricultura) 11 millones de personas cada a\u00f1o pierden la vida debido al estr\u00e9s h\u00eddrico.<\/p>\n<p>Se trata de un fen\u00f3meno que afecta a 2000 millones de personas (casi la tercera parte de la poblaci\u00f3n mundial) y se hace cada vez m\u00e1s visible en Am\u00e9rica Latina. Mientras en algunas \u00e1reas de la regi\u00f3n llueve a c\u00e1ntaros, en otra pasa lo contrario: grandes sequ\u00edas.<\/p>\n<p>Naciones como Chile y Argentina han soportado fen\u00f3menos de este tipo muy agudos en los \u00faltimos dos a\u00f1os en el cono sudamericano.<\/p>\n<p><span style=\"color: #3366ff;\"><strong><u>\u00bfQu\u00e9 pasa en Argentina?<\/u><\/strong><\/span><\/p>\n<p>En el Norte del pa\u00eds y en el litoral se report\u00f3 un d\u00e9ficit de precipitaciones preocupante en los primeros siete meses del 2020.\u00a0 Para colmo, los monocultivos aceleran la deforestaci\u00f3n y generan mayor escasez. Se seca el suelo y se vac\u00edan con rapidez las napas de agua subterr\u00e1nea.<\/p>\n<p>Al igual que su par trasandino Chile, en 2018, Argentina tuvo su peor sequ\u00eda en medio siglo. Las lluvias disminuyeron hasta en un cincuenta por ciento en determinadas regiones productivas.<\/p>\n<p>La cosecha de soja cay\u00f3 m\u00e1s de un 30% y la producci\u00f3n de ma\u00edz merm\u00f3 en un 20%, lo que implic\u00f3 para el pa\u00eds una p\u00e9rdida de 6000 millones de d\u00f3lares.<\/p>\n<p>A menudo, se considera al cambio clim\u00e1tico como un problema del futuro, pero la realidad indica todo lo contrario. \u00bfPor qu\u00e9 nos negamos a aceptar que las grandes modificaciones ya est\u00e1n ocurriendo?.<\/p>\n<p><span style=\"color: #3366ff;\"><strong><u>\u00bfQu\u00e9 est\u00e1 pasando en la Provincia de San Juan?<\/u><\/strong><\/span><\/p>\n<p>En general, se est\u00e1 desarrollando un ciclo at\u00edpico: hubo m\u00e1s nevadas que en el anterior (2019\/2020) pero el tiempo se mantiene fresco en la cordillera, no se derrite nieve, y por eso el volumen de agua no crece lo suficiente y San Juan sigue en una larga crisis h\u00eddrica, la quinta peor temporada del \u00faltimo siglo. Los datos han hecho variar incluso la previsi\u00f3n h\u00eddrica para la actual temporada: el pron\u00f3stico de volumen de agua para el ciclo de octubre 2020 a septiembre 2021 era de 815 hm3, y ahora est\u00e1 m\u00e1s cerca de los 640 hm3. Este panorama encendi\u00f3 las luces amarillas en el Concejo Provincial para Control de Embalses y Seguridad de Presas (Cocep), cuyos integrantes se han puesto de cabeza a analizar c\u00f3mo se va a administrar ese recurso escaso, con el objetivo de mantener o incrementar las reservas de los embalses para esta temporada 2021\/22.<\/p>\n<p>El problema que existe es que, entre los meses de diciembre y marzo, cuando el r\u00edo trae agua, coincide con la etapa de mayor demanda de agua por parte del riego agr\u00edcola. La esperanza est\u00e1 puesta en que el clima de una se\u00f1al positiva a esta provincia donde casi no llueve y s\u00f3lo depende de la nieve que se junte en la cordillera. La semana pasada hubo nevadas y se est\u00e1n cruzando los dedos para que esa nieve no se evapore y termine derramando en el r\u00edo. Los embalses de la provincia<\/p>\n<p>Las tres represas ubicadas sobre el r\u00edo San Juan si estuvieran llenas contendr\u00edan 1.300 hm3 de agua, pero actualmente s\u00f3lo tienen 280 hm3, lo que significa un 22 por ciento del total de sus capacidades de reserva.<\/p>\n<p>En resumen, la responsabilidad humana, da el aumento del consumo del agua en la Argentina y en nuestra Provincia en especial, la emergencia de escasez h\u00eddrica es real y concreta, por cierto ocurre por el consumo sin criterio del agua y es deber del Estado que pueda seguir incentivando, las campa\u00f1as de concientizaci\u00f3n, la investigaci\u00f3n y las medidas inteligentes para la gesti\u00f3n de los acu\u00edferos en nuestra Rep\u00fablica y Provincia, como es sabido, en San Juan prima un relieve monta\u00f1oso intercalado por valles y traves\u00edas bajo un clima templado seco. Las amplitudes t\u00e9rmicas son grandes dentro del clima semi\u00e1rido de monta\u00f1a que caracteriza la zona. Desde el Oeste, las altas cumbres andinas funcionan como una barrera contra los vientos h\u00famedos y fr\u00edos del Pacifico. Por esta rese\u00f1a mencionada tenemos un clima semi\u00e1rido, no abunda el agua en la Provincia y m\u00e1s a\u00fan, deber\u00edamos cuidar significativamente nuestro recurso vital, pregonarlo tanto en el \u00e1mbito educativo y t\u00e9cnico trabajarlo en la Provincia, es nuestro deber principal de gestarlo para las generaciones que est\u00e1n y las que vendr\u00e1n.<\/p>\n","protected":false},"excerpt":{"rendered":"<p>La crisis h\u00eddrica es una urgencia que se ha vuelto cada vez m\u00e1s visible en la \u00faltima d\u00e9cada, particularmente este<\/p>\n","protected":false},"author":3,"featured_media":31318,"comment_status":"closed","ping_status":"closed","sticky":false,"template":"","format":"standard","meta":{"_acf_changed":false,"_seopress_robots_primary_cat":"none","_seopress_titles_title":"","_seopress_titles_desc":"","_seopress_robots_index":"","colormag_page_container_layout":"default_layout","colormag_page_sidebar_layout":"default_layout","footnotes":""},"categories":[10],"tags":[],"class_list":["post-40801","post","type-post","status-publish","format-standard","has-post-thumbnail","hentry","category-opiniones"],"acf":[],"_links":{"self":[{"href":"https:\/\/vocesparalelas.com.ar\/sitio\/wp-json\/wp\/v2\/posts\/40801","targetHints":{"allow":["GET"]}}],"collection":[{"href":"https:\/\/vocesparalelas.com.ar\/sitio\/wp-json\/wp\/v2\/posts"}],"about":[{"href":"https:\/\/vocesparalelas.com.ar\/sitio\/wp-json\/wp\/v2\/types\/post"}],"author":[{"embeddable":true,"href":"https:\/\/vocesparalelas.com.ar\/sitio\/wp-json\/wp\/v2\/users\/3"}],"replies":[{"embeddable":true,"href":"https:\/\/vocesparalelas.com.ar\/sitio\/wp-json\/wp\/v2\/comments?post=40801"}],"version-history":[{"count":1,"href":"https:\/\/vocesparalelas.com.ar\/sitio\/wp-json\/wp\/v2\/posts\/40801\/revisions"}],"predecessor-version":[{"id":40803,"href":"https:\/\/vocesparalelas.com.ar\/sitio\/wp-json\/wp\/v2\/posts\/40801\/revisions\/40803"}],"wp:featuredmedia":[{"embeddable":true,"href":"https:\/\/vocesparalelas.com.ar\/sitio\/wp-json\/wp\/v2\/media\/31318"}],"wp:attachment":[{"href":"https:\/\/vocesparalelas.com.ar\/sitio\/wp-json\/wp\/v2\/media?parent=40801"}],"wp:term":[{"taxonomy":"category","embeddable":true,"href":"https:\/\/vocesparalelas.com.ar\/sitio\/wp-json\/wp\/v2\/categories?post=40801"},{"taxonomy":"post_tag","embeddable":true,"href":"https:\/\/vocesparalelas.com.ar\/sitio\/wp-json\/wp\/v2\/tags?post=40801"}],"curies":[{"name":"wp","href":"https:\/\/api.w.org\/{rel}","templated":true}]}}