{"id":40797,"date":"2021-08-16T20:18:20","date_gmt":"2021-08-16T23:18:20","guid":{"rendered":"http:\/\/vocesparalelas.com.ar\/sitio\/?p=40797"},"modified":"2021-08-18T00:25:29","modified_gmt":"2021-08-18T03:25:29","slug":"10-propuestas-artisticas-para-la-2-edicion-escena-en-movimiento","status":"publish","type":"post","link":"https:\/\/vocesparalelas.com.ar\/sitio\/10-propuestas-artisticas-para-la-2-edicion-escena-en-movimiento\/","title":{"rendered":"10 propuestas art\u00edsticas para la 2\u00b0 edici\u00f3n \u00abEscena en Movimiento\u00bb"},"content":{"rendered":"<p>La segunda edici\u00f3n de Escena en Movimiento cuenta con las diez propuestas coreogr\u00e1fica-musicales\u00a0que ser\u00e1n parte del festival que se llevar\u00e1 a cabo en septiembre pr\u00f3ximo. Luego de la convocatoria abierta que realiz\u00f3 el Ministerio de Turismo y Cultura, los miembros del jurado realizaron la selecci\u00f3n entre los\u00a0treinta y cuatro postulantes.<\/p>\n<p><span style=\"color: #339966;\"><strong>Diez propuestas como titulares sin orden de m\u00e9rito<\/strong><\/span><\/p>\n<ul>\n<li>A lanza Seca,<\/li>\n<li>Impulsos CIA,<\/li>\n<li>Daniel Castro,<\/li>\n<li>Colectivo Alternativo,<\/li>\n<li>Amazonas,<\/li>\n<li>Fuera de Eje,<\/li>\n<li>Martina Chapanay,<\/li>\n<li>Fatme San Juan,<\/li>\n<li>Eliana Villarruel-Daniel Fern\u00e1ndez y<\/li>\n<li>Anita Milagros Soler.<\/li>\n<\/ul>\n<p><span style=\"color: #339966;\"><strong>Suplentes <\/strong><\/span><\/p>\n<ul>\n<li>Mar\u00eda Gisela Bar\u00f3n y<\/li>\n<li>Savia.<\/li>\n<\/ul>\n<p><strong><span style=\"color: #339966;\">El jurado <\/span><\/strong><\/p>\n<ul>\n<li>Flavia Moncunill,<\/li>\n<li>Mar\u00eda de Bel\u00e9n Montilla,<\/li>\n<li>Soledad G\u00f3mez,<\/li>\n<li>Mercedes Rivero y<\/li>\n<li>Oscar Matamora<\/li>\n<\/ul>\n<p>Cabe destacar que\u00a0en junio de este a\u00f1o se realiz\u00f3 la primera edici\u00f3n del festival\u00a0en donde se seleccionaron diez elencos de danza de trabajadores independientes de la danza. En esa oportunidad, debido a la situaci\u00f3n sanitaria, se realiz\u00f3 de forma virtual.<\/p>\n<p>Esta segunda etapa tiende a seguir aportando, apoyando y garantizando el trabajo de los hacedores de la danza independiente, con el objetivo de producir, el mes pr\u00f3ximo, un espect\u00e1culo popular para que el p\u00fablico pueda conocer el trabajo y el profesionalismo de los hacedores culturales.<\/p>\n","protected":false},"excerpt":{"rendered":"<p>La segunda edici\u00f3n de Escena en Movimiento cuenta con las diez propuestas coreogr\u00e1fica-musicales\u00a0que ser\u00e1n parte del festival que se llevar\u00e1<\/p>\n","protected":false},"author":3,"featured_media":15606,"comment_status":"closed","ping_status":"closed","sticky":false,"template":"","format":"standard","meta":{"_acf_changed":false,"_seopress_robots_primary_cat":"none","_seopress_titles_title":"","_seopress_titles_desc":"","_seopress_robots_index":"","colormag_page_container_layout":"default_layout","colormag_page_sidebar_layout":"default_layout","footnotes":""},"categories":[8],"tags":[],"class_list":["post-40797","post","type-post","status-publish","format-standard","has-post-thumbnail","hentry","category-concursos"],"acf":[],"_links":{"self":[{"href":"https:\/\/vocesparalelas.com.ar\/sitio\/wp-json\/wp\/v2\/posts\/40797","targetHints":{"allow":["GET"]}}],"collection":[{"href":"https:\/\/vocesparalelas.com.ar\/sitio\/wp-json\/wp\/v2\/posts"}],"about":[{"href":"https:\/\/vocesparalelas.com.ar\/sitio\/wp-json\/wp\/v2\/types\/post"}],"author":[{"embeddable":true,"href":"https:\/\/vocesparalelas.com.ar\/sitio\/wp-json\/wp\/v2\/users\/3"}],"replies":[{"embeddable":true,"href":"https:\/\/vocesparalelas.com.ar\/sitio\/wp-json\/wp\/v2\/comments?post=40797"}],"version-history":[{"count":1,"href":"https:\/\/vocesparalelas.com.ar\/sitio\/wp-json\/wp\/v2\/posts\/40797\/revisions"}],"predecessor-version":[{"id":40799,"href":"https:\/\/vocesparalelas.com.ar\/sitio\/wp-json\/wp\/v2\/posts\/40797\/revisions\/40799"}],"wp:featuredmedia":[{"embeddable":true,"href":"https:\/\/vocesparalelas.com.ar\/sitio\/wp-json\/wp\/v2\/media\/15606"}],"wp:attachment":[{"href":"https:\/\/vocesparalelas.com.ar\/sitio\/wp-json\/wp\/v2\/media?parent=40797"}],"wp:term":[{"taxonomy":"category","embeddable":true,"href":"https:\/\/vocesparalelas.com.ar\/sitio\/wp-json\/wp\/v2\/categories?post=40797"},{"taxonomy":"post_tag","embeddable":true,"href":"https:\/\/vocesparalelas.com.ar\/sitio\/wp-json\/wp\/v2\/tags?post=40797"}],"curies":[{"name":"wp","href":"https:\/\/api.w.org\/{rel}","templated":true}]}}