{"id":40793,"date":"2021-08-15T17:38:06","date_gmt":"2021-08-15T20:38:06","guid":{"rendered":"http:\/\/vocesparalelas.com.ar\/sitio\/?p=40793"},"modified":"2021-08-16T21:56:35","modified_gmt":"2021-08-17T00:56:35","slug":"grupo-artistico-musical-aire-flamenco","status":"publish","type":"post","link":"https:\/\/vocesparalelas.com.ar\/sitio\/grupo-artistico-musical-aire-flamenco\/","title":{"rendered":"Grupo art\u00edstico musical \u00abAire Flamenco\u00bb"},"content":{"rendered":"<p>El Teatro del Bicentenario, dependiente del Ministerio de Turismo y Cultura del Gobierno de San Juan, presenta a \u201cAire Flamenco\u201d, extraordinario grupo art\u00edstico musical que cumple 20 a\u00f1os de acci\u00f3n ininterrumpida en la m\u00fasica y lo celebran en el escenario de la Sala Audit\u00f3rium del TB con un espect\u00e1culo integral, \u00edntimo y variado, el Viernes, 27 y el S\u00e1bado, 28 de Agosto, a las 21 hs.<\/p>\n<p>A trav\u00e9s de \u00e9ste, se muestra lo m\u00e1s puro y tradicional del arte andaluz, ofrecido de la mano de un maravilloso elenco de artistas, bailaores, guitarra, cante y percusi\u00f3n; que, a trav\u00e9s del ritmo y del comp\u00e1s, hacen sentir la emoci\u00f3n del flamenco.<\/p>\n<p>\u201cAire Flamenco\u201d, integrado por<\/p>\n<ul>\n<li>Marisa Gil;<\/li>\n<li>Alejandro Morales;<\/li>\n<li>Hugo Figueroa;<\/li>\n<li>Abel Herrera;<\/li>\n<li>Pablo Barbera;<\/li>\n<li>Mariana Garrotti;<\/li>\n<\/ul>\n<p>y los bailarines Mar\u00eda Eugenia Maldonado y Pablo Garay, ponen en escena las expresiones genuinas del arte espa\u00f1ol, representando al g\u00e9nero flamenco tanto en el cante, como en su toque y su baile.<\/p>\n<p>As\u00ed,\u00a0se lleva a cabo, un repertorio con coplas y canciones de la ra\u00edz flamenca como rumbas, alegr\u00edas, baladas, sevillanas y composiciones del repertorio popular que, hasta el d\u00eda de hoy, se escucha complementando la riqueza arm\u00f3nica con la expresi\u00f3n de diferentes instrumentos musicales, que aportaran lo contempor\u00e1neo, con la intenci\u00f3n de hacer historia en la difusi\u00f3n de este arte.<\/p>\n<p>De esta manera, el espect\u00e1culo es totalmente integral, tanto para la audici\u00f3n como para la vista de cualquier tipo de p\u00fablico.<\/p>\n<p>La entrada general es de $400 y est\u00e1 en venta en boleter\u00eda del teatro, de Lunes a Viernes, de 9.30 a 13.30 hs.; o por tu entrada.com.<\/p>\n<p><a href=\"http:\/\/entrada.com\/\">http:\/\/entrada.com\/<\/a><\/p>\n<p>&nbsp;<\/p>\n<p>&nbsp;<\/p>\n","protected":false},"excerpt":{"rendered":"<p>El Teatro del Bicentenario, dependiente del Ministerio de Turismo y Cultura del Gobierno de San Juan, presenta a \u201cAire Flamenco\u201d,<\/p>\n","protected":false},"author":3,"featured_media":40795,"comment_status":"closed","ping_status":"closed","sticky":false,"template":"","format":"standard","meta":{"_acf_changed":false,"_seopress_robots_primary_cat":"none","_seopress_titles_title":"","_seopress_titles_desc":"","_seopress_robots_index":"","colormag_page_container_layout":"default_layout","colormag_page_sidebar_layout":"default_layout","footnotes":""},"categories":[20],"tags":[],"class_list":["post-40793","post","type-post","status-publish","format-standard","has-post-thumbnail","hentry","category-cartelera"],"acf":[],"_links":{"self":[{"href":"https:\/\/vocesparalelas.com.ar\/sitio\/wp-json\/wp\/v2\/posts\/40793","targetHints":{"allow":["GET"]}}],"collection":[{"href":"https:\/\/vocesparalelas.com.ar\/sitio\/wp-json\/wp\/v2\/posts"}],"about":[{"href":"https:\/\/vocesparalelas.com.ar\/sitio\/wp-json\/wp\/v2\/types\/post"}],"author":[{"embeddable":true,"href":"https:\/\/vocesparalelas.com.ar\/sitio\/wp-json\/wp\/v2\/users\/3"}],"replies":[{"embeddable":true,"href":"https:\/\/vocesparalelas.com.ar\/sitio\/wp-json\/wp\/v2\/comments?post=40793"}],"version-history":[{"count":1,"href":"https:\/\/vocesparalelas.com.ar\/sitio\/wp-json\/wp\/v2\/posts\/40793\/revisions"}],"predecessor-version":[{"id":40796,"href":"https:\/\/vocesparalelas.com.ar\/sitio\/wp-json\/wp\/v2\/posts\/40793\/revisions\/40796"}],"wp:featuredmedia":[{"embeddable":true,"href":"https:\/\/vocesparalelas.com.ar\/sitio\/wp-json\/wp\/v2\/media\/40795"}],"wp:attachment":[{"href":"https:\/\/vocesparalelas.com.ar\/sitio\/wp-json\/wp\/v2\/media?parent=40793"}],"wp:term":[{"taxonomy":"category","embeddable":true,"href":"https:\/\/vocesparalelas.com.ar\/sitio\/wp-json\/wp\/v2\/categories?post=40793"},{"taxonomy":"post_tag","embeddable":true,"href":"https:\/\/vocesparalelas.com.ar\/sitio\/wp-json\/wp\/v2\/tags?post=40793"}],"curies":[{"name":"wp","href":"https:\/\/api.w.org\/{rel}","templated":true}]}}