{"id":40769,"date":"2021-08-14T21:47:16","date_gmt":"2021-08-15T00:47:16","guid":{"rendered":"http:\/\/vocesparalelas.com.ar\/sitio\/?p=40769"},"modified":"2021-08-16T21:41:59","modified_gmt":"2021-08-17T00:41:59","slug":"el-polo-cientifico-tecnologico-ofrecera-un-modelo-flexible-y-participativo-para-aprovechar-los-recursos-de-san-juan","status":"publish","type":"post","link":"https:\/\/vocesparalelas.com.ar\/sitio\/el-polo-cientifico-tecnologico-ofrecera-un-modelo-flexible-y-participativo-para-aprovechar-los-recursos-de-san-juan\/","title":{"rendered":"El Polo Cient\u00edfico Tecnol\u00f3gico ofrecer\u00e1 un modelo flexible y participativo para aprovechar los recursos de San Juan"},"content":{"rendered":"<p>Ante los grandes problemas estructurales de la econom\u00eda argentina, como la casi permanente falta de d\u00f3lares y las continuas fluctuaciones en el crecimiento del PBI nacional que dificultan el planeamiento de inversiones productivas de largo plazo. La Naci\u00f3n apunta a agregar m\u00e1s valor a la producci\u00f3n de materias primas tradicionales y diversificar la producci\u00f3n, incorporando bienes y servicios de alto precio. Para ello, propone generar conocimiento localmente y aplicarlo a la innovaci\u00f3n de nuestra producci\u00f3n.<\/p>\n<p>El titular de la Secretar\u00eda de Ciencia, Tecnolog\u00eda e Innovaci\u00f3n &#8211; SECITI &#8211; del Gobierno de San Juan, Ing. Tulio Del Bono, considera que una forma avanzar en ese sentido es la creaci\u00f3n de Polos Cient\u00edficos Tecnol\u00f3gicos (PCT) que se encarguen de generar, mediante la investigaci\u00f3n y el desarrollo (I+D), el conocimiento necesario para transferirlo a las empresas locales que deseen innovar, agregando valor a su oferta.<\/p>\n<p>En busca de concretar esa propuesta, la repartici\u00f3n provincial, con el asesoramiento de una consultora nacional contratada por el CFI, elabor\u00f3 un primer proyecto de PCT para la Provincia que contar\u00e1 con el aporte de otras reparticiones gubernamentales (en especial Ministerio de la Producci\u00f3n y Agencia Calidad San Juan) y con los principales actores del sistema cient\u00edfico tecnol\u00f3gico provincial: las dos universidades, el INTA, el INTI y el Conicet.<\/p>\n<p>De esta manera, San Juan contar\u00eda con Centros de I+D en temas estrat\u00e9gicos de inter\u00e9s provincial como miner\u00eda, agroindustria, econom\u00eda del conocimiento (computaci\u00f3n, inform\u00e1tica, rob\u00f3tica, dise\u00f1o), energ\u00edas alternativas (solar, e\u00f3lica, geotermal), agua y ambiente, salud y equipamientos m\u00e9dicos, astronom\u00eda y paleontolog\u00eda. Del Bono explic\u00f3 que estos centros ser\u00edan interinstitucionales. Por ejemplo: el Centro de Agroindustria sumar\u00eda recursos del INTA, INTI, la UNSJ, la UCCuyo y el Conicet y podr\u00eda funcionar en la Estaci\u00f3n Experimental INTA Pocito; el Centro de Astronom\u00eda comprender\u00eda aportes de la UNSJ y Conicet y estar\u00eda radicado en El Leoncito (Barreal); entre otros. Todos estos centros estar\u00edan conectados entre s\u00ed y con el mundo exterior, para compartir conocimiento y buscar externamente el conocimiento que no se puede generar localmente.<\/p>\n<p>A su vez, estos Centros estar\u00edan conectados con un N\u00facleo central, que ser\u00eda el administrador general de todo el PCT. Este N\u00facleo cumplir\u00eda cuatro funciones esenciales. Por un lado, actuar\u00eda como Unidad de Vinculaci\u00f3n y Transferencia (UVT): all\u00ed concurrir\u00edan las empresas existentes que necesiten soluciones innovadoras que requieran de conocimiento. Esta UVT derivar\u00eda al Centro pertinente, que realizar\u00eda los trabajos de I+D necesarios para adquirir ese conocimiento y transferirlo luego a las empresas.<\/p>\n<p>Por otro lado actuar\u00eda una Agencia de Ciencia, Tecnolog\u00eda e Innovaci\u00f3n, que proveer\u00eda el financiamiento necesario para que el Centro realice su trabajo de I+D y para que las empresas puedan innovar.<\/p>\n<p>En tercer lugar, como San Juan necesita m\u00e1s empresas innovadoras, en este N\u00facleo habr\u00eda una Unidad dedicada a promover el emprendedorismo. Por \u00faltimo, para apoyar a los emprendedores que reci\u00e9n inician actividades, el N\u00facleo contar\u00eda con una incubadora de empresas (San Juan LAB, operada actualmente entre Agencia Calidad San Juan y SECITI que ya lleva dos a\u00f1os de funcionamiento exitoso).<\/p>\n<p>\u201cComo se ve, este esquema de PCT San Juan pretende ser un modelo flexible, participativo, \u00e1gil y eficiente, que aprovecha los recursos que ya hay en San Juan y funcionan desperdigadamente, que operar\u00eda bajo el lema \u201cm\u00e1xima producci\u00f3n de conocimiento al servicio del desarrollo sanjuanino, con el m\u00ednimo de inversi\u00f3n en infraestructura y burocracia\u201d, concluy\u00f3 Del Bono.<\/p>\n<p>&nbsp;<\/p>\n<p>&nbsp;<\/p>\n","protected":false},"excerpt":{"rendered":"<p>Ante los grandes problemas estructurales de la econom\u00eda argentina, como la casi permanente falta de d\u00f3lares y las continuas fluctuaciones<\/p>\n","protected":false},"author":3,"featured_media":22293,"comment_status":"closed","ping_status":"closed","sticky":false,"template":"","format":"standard","meta":{"_acf_changed":false,"_seopress_robots_primary_cat":"none","_seopress_titles_title":"","_seopress_titles_desc":"","_seopress_robots_index":"","colormag_page_container_layout":"default_layout","colormag_page_sidebar_layout":"default_layout","footnotes":""},"categories":[10],"tags":[],"class_list":["post-40769","post","type-post","status-publish","format-standard","has-post-thumbnail","hentry","category-opiniones"],"acf":[],"_links":{"self":[{"href":"https:\/\/vocesparalelas.com.ar\/sitio\/wp-json\/wp\/v2\/posts\/40769","targetHints":{"allow":["GET"]}}],"collection":[{"href":"https:\/\/vocesparalelas.com.ar\/sitio\/wp-json\/wp\/v2\/posts"}],"about":[{"href":"https:\/\/vocesparalelas.com.ar\/sitio\/wp-json\/wp\/v2\/types\/post"}],"author":[{"embeddable":true,"href":"https:\/\/vocesparalelas.com.ar\/sitio\/wp-json\/wp\/v2\/users\/3"}],"replies":[{"embeddable":true,"href":"https:\/\/vocesparalelas.com.ar\/sitio\/wp-json\/wp\/v2\/comments?post=40769"}],"version-history":[{"count":1,"href":"https:\/\/vocesparalelas.com.ar\/sitio\/wp-json\/wp\/v2\/posts\/40769\/revisions"}],"predecessor-version":[{"id":40772,"href":"https:\/\/vocesparalelas.com.ar\/sitio\/wp-json\/wp\/v2\/posts\/40769\/revisions\/40772"}],"wp:featuredmedia":[{"embeddable":true,"href":"https:\/\/vocesparalelas.com.ar\/sitio\/wp-json\/wp\/v2\/media\/22293"}],"wp:attachment":[{"href":"https:\/\/vocesparalelas.com.ar\/sitio\/wp-json\/wp\/v2\/media?parent=40769"}],"wp:term":[{"taxonomy":"category","embeddable":true,"href":"https:\/\/vocesparalelas.com.ar\/sitio\/wp-json\/wp\/v2\/categories?post=40769"},{"taxonomy":"post_tag","embeddable":true,"href":"https:\/\/vocesparalelas.com.ar\/sitio\/wp-json\/wp\/v2\/tags?post=40769"}],"curies":[{"name":"wp","href":"https:\/\/api.w.org\/{rel}","templated":true}]}}