{"id":40763,"date":"2021-08-14T21:17:12","date_gmt":"2021-08-15T00:17:12","guid":{"rendered":"http:\/\/vocesparalelas.com.ar\/sitio\/?p=40763"},"modified":"2021-08-14T21:36:22","modified_gmt":"2021-08-15T00:36:22","slug":"se-entregaron-kits-de-articulacion-a-alumnos-de-sala-5-anos-de-san-juan","status":"publish","type":"post","link":"https:\/\/vocesparalelas.com.ar\/sitio\/se-entregaron-kits-de-articulacion-a-alumnos-de-sala-5-anos-de-san-juan\/","title":{"rendered":"Se entregaron kits de Articulaci\u00f3n a alumnos de Sala 5 a\u00f1os de San Juan"},"content":{"rendered":"<p>El Ministerio de Educaci\u00f3n del Gobierno de San Juan complet\u00f3 la entrega de Kit de Articulaci\u00f3n a los Equipos Directivos de todos los jardines de Educaci\u00f3n Inicial de gesti\u00f3n estatal y de Educaci\u00f3n Especial, para ser distribuidos a los estudiantes que actualmente se encuentran cursando en Sala de 5 a\u00f1os.<\/p>\n<p>El kit est\u00e1 conformado por: un cuaderno A3 de hojas rayadas tapas duras, goma para borrar, sacapuntas, 2 l\u00e1pices negros y 1 caja de l\u00e1pices de colores.<\/p>\n<p>En la sede del dep\u00f3sito de Educaci\u00f3n se entregaron a los equipos a directivos, 12600 Kits para alumnos de Sala de 5 de gesti\u00f3n estatal y 250 a estudiantes de Educaci\u00f3n Especial.<\/p>\n<p>Con los \u00fatiles escolares, los docentes de Nivel Inicial podr\u00e1n trabajar con los estudiantes de sala de 5 a\u00f1os, los contenidos priorizados, teniendo en cuenta el desarrollo de capacidades, habilidades, a trav\u00e9s de estrategias necesarias que permitan realizar la transici\u00f3n entre niveles.<\/p>\n<p>La articulaci\u00f3n supone, prioritariamente, construir un conjunto de continuidades pedag\u00f3gicas y did\u00e1cticas que den forma a la experiencia escolar de los estudiantes a lo largo de todo el sistema educativo y los coloque en mejores condiciones de sostener los cambios que toda nueva etapa trae consigo favoreciendo la continuidad y la gradualidad de los aprendizajes.<\/p>\n<p>&nbsp;<\/p>\n<p>&nbsp;<\/p>\n<p>&nbsp;<\/p>\n<p>&nbsp;<\/p>\n","protected":false},"excerpt":{"rendered":"<p>El Ministerio de Educaci\u00f3n del Gobierno de San Juan complet\u00f3 la entrega de Kit de Articulaci\u00f3n a los Equipos Directivos<\/p>\n","protected":false},"author":3,"featured_media":40765,"comment_status":"closed","ping_status":"closed","sticky":false,"template":"","format":"standard","meta":{"_acf_changed":false,"_seopress_robots_primary_cat":"none","_seopress_titles_title":"","_seopress_titles_desc":"","_seopress_robots_index":"","colormag_page_container_layout":"default_layout","colormag_page_sidebar_layout":"default_layout","footnotes":""},"categories":[1],"tags":[],"class_list":["post-40763","post","type-post","status-publish","format-standard","has-post-thumbnail","hentry","category-destacadas"],"acf":[],"_links":{"self":[{"href":"https:\/\/vocesparalelas.com.ar\/sitio\/wp-json\/wp\/v2\/posts\/40763","targetHints":{"allow":["GET"]}}],"collection":[{"href":"https:\/\/vocesparalelas.com.ar\/sitio\/wp-json\/wp\/v2\/posts"}],"about":[{"href":"https:\/\/vocesparalelas.com.ar\/sitio\/wp-json\/wp\/v2\/types\/post"}],"author":[{"embeddable":true,"href":"https:\/\/vocesparalelas.com.ar\/sitio\/wp-json\/wp\/v2\/users\/3"}],"replies":[{"embeddable":true,"href":"https:\/\/vocesparalelas.com.ar\/sitio\/wp-json\/wp\/v2\/comments?post=40763"}],"version-history":[{"count":3,"href":"https:\/\/vocesparalelas.com.ar\/sitio\/wp-json\/wp\/v2\/posts\/40763\/revisions"}],"predecessor-version":[{"id":40768,"href":"https:\/\/vocesparalelas.com.ar\/sitio\/wp-json\/wp\/v2\/posts\/40763\/revisions\/40768"}],"wp:featuredmedia":[{"embeddable":true,"href":"https:\/\/vocesparalelas.com.ar\/sitio\/wp-json\/wp\/v2\/media\/40765"}],"wp:attachment":[{"href":"https:\/\/vocesparalelas.com.ar\/sitio\/wp-json\/wp\/v2\/media?parent=40763"}],"wp:term":[{"taxonomy":"category","embeddable":true,"href":"https:\/\/vocesparalelas.com.ar\/sitio\/wp-json\/wp\/v2\/categories?post=40763"},{"taxonomy":"post_tag","embeddable":true,"href":"https:\/\/vocesparalelas.com.ar\/sitio\/wp-json\/wp\/v2\/tags?post=40763"}],"curies":[{"name":"wp","href":"https:\/\/api.w.org\/{rel}","templated":true}]}}