{"id":40749,"date":"2021-08-13T22:35:44","date_gmt":"2021-08-14T01:35:44","guid":{"rendered":"http:\/\/vocesparalelas.com.ar\/sitio\/?p=40749"},"modified":"2021-08-14T22:00:41","modified_gmt":"2021-08-15T01:00:41","slug":"obra-de-teatro-julietas","status":"publish","type":"post","link":"https:\/\/vocesparalelas.com.ar\/sitio\/obra-de-teatro-julietas\/","title":{"rendered":"Obra de Teatro \u201cJulietas\u201d"},"content":{"rendered":"<p>El Domingo 15 de Agosto, a las 20:30 en el Espacio Franklin Teatro de Arte, Entre R\u00edos 1116 \u2013 S \u2013 Trinidad Capital se presenta la Obra de Teatro Julietas. Escenas en torno a la condici\u00f3n femenina, del elenco Malatrama.<\/p>\n<p><span style=\"color: #339966;\"><strong>S\u00edntesis<\/strong><\/span><\/p>\n<p>Julietas. Escenas en torno a la condici\u00f3n femenina es una obra de creacio\u0301n colectiva, con m\u00fasica original y en escena.<\/p>\n<p>Es una propuesta de trabajo esc\u00e9nico inspirada en la vida de Julieta Lanteri por ser una mujer representativa de la historia argentina, por su militancia y su defensa de la igualdad de derechos y oportunidades.<\/p>\n<p><span style=\"color: #339966;\"><strong>Ficha T\u00e9cnica<\/strong><\/span><\/p>\n<ul>\n<li>Actuaci\u00f3n: Silvina Montenegro<\/li>\n<li>M\u00fasica original en escena: Julieta Flores y Federico Bustamante<\/li>\n<li>Direcci\u00f3n: Pablo Flores<\/li>\n<li>T\u00e9cnica: Pablo Flores y Yanina Marras<\/li>\n<li>Dramaturgia colectiva: Malatrama<\/li>\n<li>Vestuario: Federico Bustamante<\/li>\n<li>Producci\u00f3n ejecutiva: Magal\u00ed Sosa<\/li>\n<li>Prensa y difusi\u00f3n: Boca Floja<\/li>\n<\/ul>\n<p>Las entradas tienen valor de $350 y hay promo de 2x $600 y se adquieren por Mercado Pago<\/p>\n<ul>\n<li>a trav\u00e9s de la opci\u00f3n env\u00edo de dinero al n\u00famero: 2645812745<\/li>\n<li>o a trav\u00e9s de tarjeta o transferencia al CVU: 0000003100051656090785<\/li>\n<\/ul>\n<p><img loading=\"lazy\" decoding=\"async\" class=\"alignnone wp-image-40751 size-full\" src=\"https:\/\/vocesparalelas.com.ar\/sitio\/wp-content\/uploads\/2021\/08\/JULIETAS.jpg\" alt=\"\" width=\"724\" height=\"1024\" srcset=\"https:\/\/vocesparalelas.com.ar\/sitio\/wp-content\/uploads\/2021\/08\/JULIETAS.jpg 724w, https:\/\/vocesparalelas.com.ar\/sitio\/wp-content\/uploads\/2021\/08\/JULIETAS-212x300.jpg 212w, https:\/\/vocesparalelas.com.ar\/sitio\/wp-content\/uploads\/2021\/08\/JULIETAS-566x800.jpg 566w\" sizes=\"auto, (max-width: 724px) 100vw, 724px\" \/><\/p>\n<p>&nbsp;<\/p>\n<p>&nbsp;<\/p>\n<p>&nbsp;<\/p>\n","protected":false},"excerpt":{"rendered":"<p>El Domingo 15 de Agosto, a las 20:30 en el Espacio Franklin Teatro de Arte, Entre R\u00edos 1116 \u2013 S<\/p>\n","protected":false},"author":3,"featured_media":37909,"comment_status":"closed","ping_status":"closed","sticky":false,"template":"","format":"standard","meta":{"_acf_changed":false,"_seopress_robots_primary_cat":"none","_seopress_titles_title":"","_seopress_titles_desc":"","_seopress_robots_index":"","colormag_page_container_layout":"default_layout","colormag_page_sidebar_layout":"default_layout","footnotes":""},"categories":[20],"tags":[],"class_list":["post-40749","post","type-post","status-publish","format-standard","has-post-thumbnail","hentry","category-cartelera"],"acf":[],"_links":{"self":[{"href":"https:\/\/vocesparalelas.com.ar\/sitio\/wp-json\/wp\/v2\/posts\/40749","targetHints":{"allow":["GET"]}}],"collection":[{"href":"https:\/\/vocesparalelas.com.ar\/sitio\/wp-json\/wp\/v2\/posts"}],"about":[{"href":"https:\/\/vocesparalelas.com.ar\/sitio\/wp-json\/wp\/v2\/types\/post"}],"author":[{"embeddable":true,"href":"https:\/\/vocesparalelas.com.ar\/sitio\/wp-json\/wp\/v2\/users\/3"}],"replies":[{"embeddable":true,"href":"https:\/\/vocesparalelas.com.ar\/sitio\/wp-json\/wp\/v2\/comments?post=40749"}],"version-history":[{"count":1,"href":"https:\/\/vocesparalelas.com.ar\/sitio\/wp-json\/wp\/v2\/posts\/40749\/revisions"}],"predecessor-version":[{"id":40752,"href":"https:\/\/vocesparalelas.com.ar\/sitio\/wp-json\/wp\/v2\/posts\/40749\/revisions\/40752"}],"wp:featuredmedia":[{"embeddable":true,"href":"https:\/\/vocesparalelas.com.ar\/sitio\/wp-json\/wp\/v2\/media\/37909"}],"wp:attachment":[{"href":"https:\/\/vocesparalelas.com.ar\/sitio\/wp-json\/wp\/v2\/media?parent=40749"}],"wp:term":[{"taxonomy":"category","embeddable":true,"href":"https:\/\/vocesparalelas.com.ar\/sitio\/wp-json\/wp\/v2\/categories?post=40749"},{"taxonomy":"post_tag","embeddable":true,"href":"https:\/\/vocesparalelas.com.ar\/sitio\/wp-json\/wp\/v2\/tags?post=40749"}],"curies":[{"name":"wp","href":"https:\/\/api.w.org\/{rel}","templated":true}]}}