{"id":40744,"date":"2021-08-13T21:53:46","date_gmt":"2021-08-14T00:53:46","guid":{"rendered":"http:\/\/vocesparalelas.com.ar\/sitio\/?p=40744"},"modified":"2021-08-13T21:53:46","modified_gmt":"2021-08-14T00:53:46","slug":"firmaron-convenio-para-sumar-3-000-viviendas-a-construir-en-san-juan","status":"publish","type":"post","link":"https:\/\/vocesparalelas.com.ar\/sitio\/firmaron-convenio-para-sumar-3-000-viviendas-a-construir-en-san-juan\/","title":{"rendered":"Firmaron convenio para sumar 3.000 viviendas a construir en San Juan"},"content":{"rendered":"<p>El gobernador de San Juan, Dr. Sergio U\u00f1ac junto al ministro de Desarrollo Territorial y H\u00e1bitat de la Naci\u00f3n, Ing. Jorge Ferraresi, entregaron fondos para obras de los Departamentos Chimbas, Pocito y Rawson por m\u00e1s de $328 millones, cr\u00e9ditos de la l\u00ednea Casa Propia y escrituras a familias.<\/p>\n<p>Completando una\u00a0intensa jornada de trabajo junto al ministro de Desarrollo Territorial y H\u00e1bitat de la Naci\u00f3n, Ing. Jorge Ferraresi; el gobernador Dr. Sergio U\u00f1ac presidi\u00f3 la firma de convenios destinados la construcci\u00f3n de 3.000 viviendas, sumado a $328 millones de pesos para obras en Pocito, Rawson y Chimbas.<\/p>\n<p>Adem\u00e1s, en el acto llevado a cabo en el Auditorio Eloy Camus del Centro C\u00edvico,\u00a0entregaron 580 escrituras\u00a0de los proyectos I, II y III de regularizaci\u00f3n Dominial del Instituto Provincial de la Vivienda (IPV), y\u00a0cr\u00e9ditos del programa Casa Propia a familias de la provincia.<\/p>\n<p><img loading=\"lazy\" decoding=\"async\" class=\"alignnone wp-image-40747 size-full\" src=\"https:\/\/vocesparalelas.com.ar\/sitio\/wp-content\/uploads\/2021\/08\/VIVIENDAS-SAN-JUASN-02.jpg\" alt=\"\" width=\"800\" height=\"533\" srcset=\"https:\/\/vocesparalelas.com.ar\/sitio\/wp-content\/uploads\/2021\/08\/VIVIENDAS-SAN-JUASN-02.jpg 800w, https:\/\/vocesparalelas.com.ar\/sitio\/wp-content\/uploads\/2021\/08\/VIVIENDAS-SAN-JUASN-02-300x200.jpg 300w, https:\/\/vocesparalelas.com.ar\/sitio\/wp-content\/uploads\/2021\/08\/VIVIENDAS-SAN-JUASN-02-768x512.jpg 768w\" sizes=\"auto, (max-width: 800px) 100vw, 800px\" \/><\/p>\n<p>Por otra parte, empresas de la construcci\u00f3n firmaron\u00a0contratos con el IPV para la edificaci\u00f3n de viviendas del barrio Las Pampas, en el departamento Pocito.<\/p>\n<p>Tras la firma de los diversos acuerdos, el gobernador destac\u00f3 nuevamente la visita del ministro Ferraresi a San Juan y puso en valor que \u00abimplica la posibilidad tangible y concreta de\u00a0comenzar a cumplir los sue\u00f1os de los sanjuaninos que buscan tener un techo propio\u00bb.<\/p>\n<p>Luego, salud\u00f3 a las m\u00e1s 500 familias que recibieron las escrituras de sus viviendas y remarc\u00f3 la importancia de contar con la misma.<\/p>\n<p>El mandatario sanjuanino hizo referencia a la inversi\u00f3n en\u00a0obras destinadas a ampliar la prestaci\u00f3n de los servicios de salud. Enumer\u00f3 los hospitales de 25 de Mayo, de J\u00e1chal, la construcci\u00f3n del hospital de Villa Calingasta, la ampliaci\u00f3n del Marcial Quiroga, los avances del Hospital Tom\u00e1s Per\u00f3n y Julieta Lanteri.<\/p>\n<p>Tambi\u00e9n, remarc\u00f3 que \u00ablas 3.000 viviendas que recibir\u00e1 San Juan en el marco del convenio firmado implican 18 mil millones de pesos que se traducen en empleo genuino, la posibilidad de continuar cumpliendo sue\u00f1os, marcando el horizonte del presente y tambi\u00e9n del futuro\u00bb.<\/p>\n<p>A continuaci\u00f3n, Ferraresi brind\u00f3 detalles de los distintos planes de construcci\u00f3n de viviendas con los que cuenta la Naci\u00f3n y valor\u00f3 la sensibilidad del Gobierno de San Juan en la tem\u00e1tica de h\u00e1bitat: \u00abSan Juan es una provincia federal, porque cuentan con un gobernador que trabaja con todos sus intendentes y se ocupa de las necesidades de cada municipio\u00bb, enfatiz\u00f3.<\/p>\n<p>Para finalizar, explic\u00f3 que su ministerio y el presidente Alberto Fern\u00e1ndez est\u00e1n \u00abmuy comprometidos con San Juan, por su construcci\u00f3n ejemplar y la claridad de las tem\u00e1ticas que deben abordar\u00bb.<\/p>\n<p>Acompa\u00f1aron en la ocasi\u00f3n: el vicegobernador Roberto Gattoni; el diputado nacional Walberto Allende; el senador nacional Rub\u00e9n U\u00f1ac; el secretario de H\u00e1bitat de la Naci\u00f3n, Santiago Maggiotti; el ministro de Obras y Servicios P\u00fablicos, Julio Ortiz Andino; la ministra de Gobierno, Fabiola Aubone; el secretario de Vivienda y H\u00e1bitat, Robert Garc\u00e9s; el director del IPV, Marcelo Yornet; el subsecretario de la Unidad Gobernaci\u00f3n, Luis Rueda; los intendentes de Chimbas, Fabi\u00e1n Gramajo; de Rawson, Rub\u00e9n Garc\u00eda; de Pocito, Armando S\u00e1nchez, entre otros.<\/p>\n<p><strong><span style=\"color: #800080;\">328 millones de pesos para obras en los municipios<\/span><\/strong><\/p>\n<p>El Viernes, 13 de Agosto, se concret\u00f3 la r\u00fabrica para la remodelaci\u00f3n y refacci\u00f3n de las plazas Barrio Ejercito de los Andes y Sierras Moradas en el departamento Rawson por un monto de $35 millones. Adem\u00e1s en el mismo departamento por la plaza Buenaventura Luna por $37 millones.<\/p>\n<p>En Pocito la remodelaci\u00f3n de la plaza del Barrio Conjunto 4 por un monto de $6,5 millones. Y la construcci\u00f3n de 32 viviendas, equipamiento en espacios comunes y centro de d\u00eda en el departamento de Chimbas por un monto de $250 millones.<\/p>\n<p>&nbsp;<\/p>\n<p>&nbsp;<\/p>\n<p>&nbsp;<\/p>\n<p>&nbsp;<\/p>\n<p>&nbsp;<\/p>\n","protected":false},"excerpt":{"rendered":"<p>El gobernador de San Juan, Dr. Sergio U\u00f1ac junto al ministro de Desarrollo Territorial y H\u00e1bitat de la Naci\u00f3n, Ing.<\/p>\n","protected":false},"author":3,"featured_media":40746,"comment_status":"closed","ping_status":"closed","sticky":false,"template":"","format":"standard","meta":{"_acf_changed":false,"_seopress_robots_primary_cat":"none","_seopress_titles_title":"","_seopress_titles_desc":"","_seopress_robots_index":"","colormag_page_container_layout":"default_layout","colormag_page_sidebar_layout":"default_layout","footnotes":""},"categories":[1],"tags":[],"class_list":["post-40744","post","type-post","status-publish","format-standard","has-post-thumbnail","hentry","category-destacadas"],"acf":[],"_links":{"self":[{"href":"https:\/\/vocesparalelas.com.ar\/sitio\/wp-json\/wp\/v2\/posts\/40744","targetHints":{"allow":["GET"]}}],"collection":[{"href":"https:\/\/vocesparalelas.com.ar\/sitio\/wp-json\/wp\/v2\/posts"}],"about":[{"href":"https:\/\/vocesparalelas.com.ar\/sitio\/wp-json\/wp\/v2\/types\/post"}],"author":[{"embeddable":true,"href":"https:\/\/vocesparalelas.com.ar\/sitio\/wp-json\/wp\/v2\/users\/3"}],"replies":[{"embeddable":true,"href":"https:\/\/vocesparalelas.com.ar\/sitio\/wp-json\/wp\/v2\/comments?post=40744"}],"version-history":[{"count":1,"href":"https:\/\/vocesparalelas.com.ar\/sitio\/wp-json\/wp\/v2\/posts\/40744\/revisions"}],"predecessor-version":[{"id":40748,"href":"https:\/\/vocesparalelas.com.ar\/sitio\/wp-json\/wp\/v2\/posts\/40744\/revisions\/40748"}],"wp:featuredmedia":[{"embeddable":true,"href":"https:\/\/vocesparalelas.com.ar\/sitio\/wp-json\/wp\/v2\/media\/40746"}],"wp:attachment":[{"href":"https:\/\/vocesparalelas.com.ar\/sitio\/wp-json\/wp\/v2\/media?parent=40744"}],"wp:term":[{"taxonomy":"category","embeddable":true,"href":"https:\/\/vocesparalelas.com.ar\/sitio\/wp-json\/wp\/v2\/categories?post=40744"},{"taxonomy":"post_tag","embeddable":true,"href":"https:\/\/vocesparalelas.com.ar\/sitio\/wp-json\/wp\/v2\/tags?post=40744"}],"curies":[{"name":"wp","href":"https:\/\/api.w.org\/{rel}","templated":true}]}}