{"id":40738,"date":"2021-08-13T21:14:59","date_gmt":"2021-08-14T00:14:59","guid":{"rendered":"http:\/\/vocesparalelas.com.ar\/sitio\/?p=40738"},"modified":"2021-08-15T19:25:46","modified_gmt":"2021-08-15T22:25:46","slug":"3-etapa-de-talleres-gratuitos-en-el-mpbafr","status":"publish","type":"post","link":"https:\/\/vocesparalelas.com.ar\/sitio\/3-etapa-de-talleres-gratuitos-en-el-mpbafr\/","title":{"rendered":"3\u00b0 Etapa de talleres gratuitos en el MPBAFR"},"content":{"rendered":"<p>El\u00a0Museo Provincial de Bellas Artes Franklin Rawson, a trav\u00e9s del\u00a0Ministerio de Turismo y Cultura del Gobierno de San Juan, renueva su oferta de talleres de formaci\u00f3n destinados a p\u00fablicos de diferentes edades, sin costo.<\/p>\n<p>Las inscripciones son online a trav\u00e9s de la\u00a0web del MPBAFR<\/p>\n<p><a href=\"https:\/\/www.museofranklinrawson.org\/\">https:\/\/www.museofranklinrawson.org\/<\/a><\/p>\n<p>Hasta el Domingo, 15 de Agosto. Las clases comenzan la semana del 23 de Agosto.<\/p>\n<p><span style=\"color: #339966;\"><strong>Talleres para chicos y chicas<\/strong><\/span><\/p>\n<p><span style=\"color: #339966;\"><strong>Pintura + Impresi\u00f3n (trimestral)<\/strong><\/span><\/p>\n<ul>\n<li>De 7 a 10 a\u00f1os.<\/li>\n<li>Jueves de 18.30 a 20 hs.<\/li>\n<li>Prof. Agostina Silva \/ Prof. Jorgelina Tardy.<\/li>\n<\/ul>\n<p>Espacio para descubrir el mundo de la pintura y el grabado de la mano de artistas del museo, a trav\u00e9s de t\u00e9cnicas, materiales e ideas que ayudar\u00e1n a explorar experiencias y producciones pl\u00e1sticas propias.<\/p>\n<p><span style=\"color: #339966;\"><strong>Juegos de mesa (trimestral)<\/strong><\/span><\/p>\n<ul>\n<li>De 8 a 12 a\u00f1os.<\/li>\n<li>Mi\u00e9rcoles de 15 a 17 hs.<\/li>\n<li>Prof. Gustavo Garramu\u00f1o.<\/li>\n<\/ul>\n<p>En este taller se explorar\u00e1 la creatividad a trav\u00e9s de la creaci\u00f3n de nuevos y mejorados Juegos de mesa bas\u00e1ndonos en los que ya conocemos y adoramos, d\u00e1ndoles un toque especial con nuestra imaginaci\u00f3n.<\/p>\n<p><span style=\"color: #339966;\"><strong>Laboratorio de experiencias art\u00edsticas (trimestral)<\/strong><\/span><\/p>\n<ul>\n<li>De 9 a 11 a\u00f1os.<\/li>\n<li>Martes de 18.30 a 20 hs.<\/li>\n<li>Prof. Gabriela Molina \/ Prof. Mara Rodr\u00edguez.<\/li>\n<\/ul>\n<p>El taller busca fomentar la observaci\u00f3n y exploraci\u00f3n de materiales y herramientas de distintas disciplinas de las artes visuales: pintura, dibujo, escultura, grabado y textiler\u00eda, como modo de desarrollo de experiencias personales y pr\u00e1ctica de producci\u00f3n.<\/p>\n<p><span style=\"color: #339966;\"><strong>Talleres para adolescentes<\/strong><\/span><\/p>\n<p><span style=\"color: #339966;\"><strong>Universos fant\u00e1sticos (trimestral)<\/strong><\/span><\/p>\n<ul>\n<li>De 10 a 16 a\u00f1os.<\/li>\n<li>Jueves de 16 a 18 hs.<\/li>\n<li>Prof. Mauricio Camargo \/ Prof. Lolo Riquelme.<\/li>\n<\/ul>\n<p>Propuesta l\u00fadica y recreativa a partir de la creaci\u00f3n de mundos y personajes fant\u00e1sticos, utilizando t\u00e9cnicas de ilustraci\u00f3n, modelado con material reciclado y collage. Ser\u00e1 un espacio para impulsar la creatividad, implementar y desarrollar el trabajo en equipo.<\/p>\n<p><span style=\"color: #339966;\"><strong>Arte desde la identidad (trimestral)<\/strong><\/span><\/p>\n<ul>\n<li>De 12 a 16 a\u00f1os.<\/li>\n<li>Jueves de 18 a 20 hs.<\/li>\n<li>Prof. Elisa Jaime \/ Prof. Carolina Herrera.<\/li>\n<\/ul>\n<p>Desde el collage, la escultura y el ensamblajeproponemos un taller de experimentaci\u00f3n con materiales no convencionales, mediante los cuales se reflexionar\u00e1 sobre el paisaje, la historia y el clima en relaci\u00f3n a la colecci\u00f3n del museo.<\/p>\n<p><span style=\"color: #339966;\"><strong>Dibujo Caricaturesco (trimestral)<\/strong><\/span><\/p>\n<ul>\n<li>De 12 a 18 a\u00f1os.<\/li>\n<li>Lunes de 18 a 20 hs.<\/li>\n<li>Prof. Federico Ag\u00fcero.<\/li>\n<\/ul>\n<p>El taller est\u00e1 orientado a desarrollar estrategias visuales del dibujo estilo cartoon, es decir, anatom\u00eda, vestimenta, expresi\u00f3n corporal y entornos exagerados para crear personajes originales.<\/p>\n<p><span style=\"color: #339966;\"><strong>Producci\u00f3n Audiovisual (trimestral)<\/strong><\/span><\/p>\n<ul>\n<li>De 14 a 18 a\u00f1os.<\/li>\n<li>Lunes de 18 a 19.30 hs.<\/li>\n<li>Prof. Daniel Agust\u00edn Gil.<\/li>\n<\/ul>\n<p>El taller propone un espacio de conocimiento y reflexi\u00f3n que acerque de manera l\u00fadica y participativa al mundo audiovisual, brindando herramientas art\u00edsticas y t\u00e9cnicas b\u00e1sicas para realizar un cortometraje.<\/p>\n<p><span style=\"color: #339966;\"><strong>Talleres para j\u00f3venes y adultos<\/strong><\/span><\/p>\n<p><span style=\"color: #339966;\"><strong>El camino del artista en el museo (trimestral)<\/strong><\/span><\/p>\n<ul>\n<li>+ 18 a\u00f1os.<\/li>\n<li>Jueves de 18 a 20 hs.<\/li>\n<li>Prof. Gabriela Camilleri.<\/li>\n<\/ul>\n<p>Taller para conectar o desbloquear la creatividad basado en el m\u00e9todo de Julia Cameron. A trav\u00e9s de din\u00e1micas grupales se realizar\u00e1n diferentes actividades que promuevan el encuentro con el propio artista, buscando ampliar el escenario de esa b\u00fasqueda.<\/p>\n<p><span style=\"color: #339966;\"><strong>M\u00fasica intuitiva (trimestral)<\/strong><\/span><\/p>\n<ul>\n<li>+ 18 a\u00f1os<\/li>\n<li>Viernes de 18 a 20 hs.<\/li>\n<li>Prof. Renzo Nievas<\/li>\n<\/ul>\n<p>Se propone el acercamiento a la producci\u00f3n musical guiando procesos libres y personales de los participantes. Se utilizar\u00e1 Ableton Live y plataformas de experimentaci\u00f3n de sonido de uso libre. Requisitos t\u00e9cnicos: necesitas compu que soporte Ableton Live y funcione con Internet + auriculares + instrumento de tu preferencia.<\/p>\n<p><span style=\"color: #339966;\"><strong>El g\u00e9nero en la Historia del Arte (trimestral)<\/strong><\/span><\/p>\n<ul>\n<li>J\u00f3venes y adultos.<\/li>\n<li>Mi\u00e9rcoles de 18 a 20 hs.<\/li>\n<li>Prof. Florencia Ortiz \/ Prof. Claudia Vilela.<\/li>\n<\/ul>\n<p>El taller propone reflexionar acerca del rol del arte como productor de im\u00e1genes y sentidos, en la construcci\u00f3n de imaginarios sociales en relaci\u00f3n al g\u00e9nero, y c\u00f3mo -el arte como lenguaje- propone romper con los mismos.<\/p>\n<p><span style=\"color: #339966;\"><strong>Libro de artista. Colecciones (trimestral)<\/strong><\/span><\/p>\n<ul>\n<li>Para adultos con o sin experiencia,<\/li>\n<li>Lunes de 18 a 20 hs.<\/li>\n<li>Prof. Sofia Basa\u00f1es \/ Prof. D\u00e9bora Baz\u00e1n Flitt,<\/li>\n<\/ul>\n<p>A partir de un desaf\u00edo semanal experimentaremos con dibujo, pintura y aproximaciones al grabado para producir piezas visuales, bajo el formato de Libro de Artista, en di\u00e1logo con la Colecci\u00f3n Permanente del Museo Franklin Rawson.<\/p>\n<p><span style=\"color: #339966;\"><strong>Creaci\u00f3n y Dise\u00f1o Textil (trimestral)<\/strong><\/span><\/p>\n<ul>\n<li>Adultos mayores: + 50 a\u00f1os.<\/li>\n<li>Lunes de 17 a 19 hs.<\/li>\n<li>Prof. Pablo Mart\u00edn Pulido.<\/li>\n<\/ul>\n<p>El taller explora las posibilidades art\u00edsticas de diferentes t\u00e9cnicas textiles y materiales. El desaf\u00edo es saltar los l\u00edmites del objeto textil tradicional y animarse a explorar nuevos caminos de creatividad.<\/p>\n<p>&nbsp;<\/p>\n<p>&nbsp;<\/p>\n<p>&nbsp;<\/p>\n<p>&nbsp;<\/p>\n<p>&nbsp;<\/p>\n<p>&nbsp;<\/p>\n","protected":false},"excerpt":{"rendered":"<p>El\u00a0Museo Provincial de Bellas Artes Franklin Rawson, a trav\u00e9s del\u00a0Ministerio de Turismo y Cultura del Gobierno de San Juan, renueva<\/p>\n","protected":false},"author":3,"featured_media":39924,"comment_status":"closed","ping_status":"closed","sticky":false,"template":"","format":"standard","meta":{"_acf_changed":false,"_seopress_robots_primary_cat":"none","_seopress_titles_title":"","_seopress_titles_desc":"","_seopress_robots_index":"","colormag_page_container_layout":"default_layout","colormag_page_sidebar_layout":"default_layout","footnotes":""},"categories":[9],"tags":[],"class_list":["post-40738","post","type-post","status-publish","format-standard","has-post-thumbnail","hentry","category-cursos"],"acf":[],"_links":{"self":[{"href":"https:\/\/vocesparalelas.com.ar\/sitio\/wp-json\/wp\/v2\/posts\/40738","targetHints":{"allow":["GET"]}}],"collection":[{"href":"https:\/\/vocesparalelas.com.ar\/sitio\/wp-json\/wp\/v2\/posts"}],"about":[{"href":"https:\/\/vocesparalelas.com.ar\/sitio\/wp-json\/wp\/v2\/types\/post"}],"author":[{"embeddable":true,"href":"https:\/\/vocesparalelas.com.ar\/sitio\/wp-json\/wp\/v2\/users\/3"}],"replies":[{"embeddable":true,"href":"https:\/\/vocesparalelas.com.ar\/sitio\/wp-json\/wp\/v2\/comments?post=40738"}],"version-history":[{"count":1,"href":"https:\/\/vocesparalelas.com.ar\/sitio\/wp-json\/wp\/v2\/posts\/40738\/revisions"}],"predecessor-version":[{"id":40740,"href":"https:\/\/vocesparalelas.com.ar\/sitio\/wp-json\/wp\/v2\/posts\/40738\/revisions\/40740"}],"wp:featuredmedia":[{"embeddable":true,"href":"https:\/\/vocesparalelas.com.ar\/sitio\/wp-json\/wp\/v2\/media\/39924"}],"wp:attachment":[{"href":"https:\/\/vocesparalelas.com.ar\/sitio\/wp-json\/wp\/v2\/media?parent=40738"}],"wp:term":[{"taxonomy":"category","embeddable":true,"href":"https:\/\/vocesparalelas.com.ar\/sitio\/wp-json\/wp\/v2\/categories?post=40738"},{"taxonomy":"post_tag","embeddable":true,"href":"https:\/\/vocesparalelas.com.ar\/sitio\/wp-json\/wp\/v2\/tags?post=40738"}],"curies":[{"name":"wp","href":"https:\/\/api.w.org\/{rel}","templated":true}]}}