{"id":40729,"date":"2021-08-13T19:36:29","date_gmt":"2021-08-13T22:36:29","guid":{"rendered":"http:\/\/vocesparalelas.com.ar\/sitio\/?p=40729"},"modified":"2021-08-13T19:36:29","modified_gmt":"2021-08-13T22:36:29","slug":"se-desarrollo-la-1-sesion-ordinaria-del-consejo-superior-de-la-unsj","status":"publish","type":"post","link":"https:\/\/vocesparalelas.com.ar\/sitio\/se-desarrollo-la-1-sesion-ordinaria-del-consejo-superior-de-la-unsj\/","title":{"rendered":"Se desarroll\u00f3 la 1\u00b0 sesi\u00f3n ordinaria del Consejo Superior de la UNSJ"},"content":{"rendered":"<p>Con 39 consejeras y consejeros superiores presentes, el Jueves, 12 de Agosto, tuvo lugar la 1\u00b0 sesi\u00f3n del Consejo Superior, en su nueva conformaci\u00f3n, ya que por primera vez participaron los representantes electos por la Escuela Universitaria de Ciencias de la Salud.<\/p>\n<p>Para respetar los protocolos sanitarios vigentes, la reuni\u00f3n se hizo en el hall central del Edificio de Rectorado, donde se dispusieron mesas y sillas con la suficiente distancia entre persona y persona. En la cabecera, el presidente y rector, Ing. Tadeo Berenguer, estuvo acompa\u00f1ado por la vicerrectora Dra. Anal\u00eda Ponce.<\/p>\n<p>En primer lugar y de acuerdo con el orden del d\u00eda, se realiz\u00f3 la elecci\u00f3n de dos consejeros para la firma del acta correspondiente, para luego pasar a fijar d\u00eda y hora de reuni\u00f3n, que se mantendr\u00e1 en los jueves a las 17,30 como ya es costumbre. En cuanto a la modalidad, acordaron ir adecuando a la situaci\u00f3n sanitaria que se presente.<\/p>\n<p>Para cumplir con los tr\u00e1mites de rigor, se leyeron y aprobaron luego las notas de aquellas personas que por cumplir cargos de mayor jerarqu\u00eda, debieron pedir licencia en sus cargos de consejeros superiores. Tambi\u00e9n se comunic\u00f3 que por 30 d\u00edas a partir de hoy viernes 13 de agosto, estar\u00e1n abiertas las inscripciones para integrar alguna de las comisiones internas del Consejo Superior.<\/p>\n<p>Un momento muy emotivo se vivi\u00f3 cuando, luego de leer la nota de renuncia de quien fue hasta ahora la secretaria del Consejo Superior, Lilian Paez, consejeras y consejeros de todos los estamentos expresaron su gratitud y reconocimiento a quien con tanta capacidad, honestidad y eficiencia desempe\u00f1\u00f3 ese cargo.<\/p>\n<p>A continuaci\u00f3n, se eligi\u00f3 a la nueva secretaria del Consejo Superior, decisi\u00f3n que recay\u00f3 sobre la Natalia Wortman, quien es docente e investigadora en la facultad de Arquitectura, Urbanismo y Dise\u00f1o. La elecci\u00f3n provoc\u00f3 un cruce de opiniones, sobre con el bloque de consejeras y consejeros nodocentes, quienes consideraban que el cargo deb\u00eda ser cubierto con alguien de ese sector, como hist\u00f3ricamente se hizo. Finalmente, por votaci\u00f3n nominal, el cargo de secretaria fue para Natalia Wortman, por 30 votos a 9.<\/p>\n<p>Otro punto fue la elecci\u00f3n de las personas que ocupar\u00e1n la presidencia y la vicepresidencia de las comisiones internas, quedando de la siguiente manera:<\/p>\n<ul>\n<li>Comisi\u00f3n Acad\u00e9mica: Myriam Arrabal-Cecilia Yornet<\/li>\n<li>Comisi\u00f3n de Recursos Administrativos: Hugo Cicero-Conrado Suarez<\/li>\n<li>Comisi\u00f3n de Extensi\u00f3n: Marcelo Lucero-Angel Pinto<\/li>\n<li>Comisi\u00f3n de Reglamento e Interpretaci\u00f3n: Rodolfo Bloch-Alicia Garc\u00eda<\/li>\n<li>Comisi\u00f3n Edilicia: Guillermo Velasco-Javier Morandi<\/li>\n<li>Comisi\u00f3n de Posgrado: Andr\u00e9s L\u00f3pez-Liliana Acosta<\/li>\n<li>Comisi\u00f3n de Investigaci\u00f3n y Creaci\u00f3n: Vicente Mut-Amelia Sconamiglio<\/li>\n<li>Comisi\u00f3n de Presupuesto y Finanzas: Mario Fern\u00e1ndez-Gustavo Pezzani<\/li>\n<li>Comisi\u00f3n de Distinciones Honor\u00edficas: Tadeo Berenguer-Marcelo Lucero<\/li>\n<li>Comisi\u00f3n de Acci\u00f3n Social y Becas: Cintia De Luca-Fernando Ortiz<\/li>\n<\/ul>\n<p>Tambi\u00e9n se design\u00f3 a los representantes en comisiones paritarias, que quedaron conformadas as\u00ed:<\/p>\n<ul>\n<li>Paritaria Nodocente: Ricardo Coca-Oscar Riveros-Marcelo Cod\u00f3n-Nelson Avenda\u00f1o-Eva Mercado-Julio Rosales<\/li>\n<li>Paritaria Docente: Rosa Ferrer-Ricardo Coca-Marcos Facchini-Nilda Mendoza-Nancy G\u00f3mez-Estela Carossia-Andrea Lecceta<\/li>\n<\/ul>\n<p>&nbsp;<\/p>\n<p><img loading=\"lazy\" decoding=\"async\" class=\"alignnone wp-image-37900 size-full\" src=\"https:\/\/vocesparalelas.com.ar\/sitio\/wp-content\/uploads\/2021\/05\/UNSJ-LOGOTIPO-01.jpg\" alt=\"\" width=\"800\" height=\"533\" srcset=\"https:\/\/vocesparalelas.com.ar\/sitio\/wp-content\/uploads\/2021\/05\/UNSJ-LOGOTIPO-01.jpg 800w, https:\/\/vocesparalelas.com.ar\/sitio\/wp-content\/uploads\/2021\/05\/UNSJ-LOGOTIPO-01-300x200.jpg 300w, https:\/\/vocesparalelas.com.ar\/sitio\/wp-content\/uploads\/2021\/05\/UNSJ-LOGOTIPO-01-768x512.jpg 768w\" sizes=\"auto, (max-width: 800px) 100vw, 800px\" \/><\/p>\n","protected":false},"excerpt":{"rendered":"<p>Con 39 consejeras y consejeros superiores presentes, el Jueves, 12 de Agosto, tuvo lugar la 1\u00b0 sesi\u00f3n del Consejo Superior,<\/p>\n","protected":false},"author":3,"featured_media":40731,"comment_status":"closed","ping_status":"closed","sticky":false,"template":"","format":"standard","meta":{"_acf_changed":false,"_seopress_robots_primary_cat":"none","_seopress_titles_title":"","_seopress_titles_desc":"","_seopress_robots_index":"","colormag_page_container_layout":"default_layout","colormag_page_sidebar_layout":"default_layout","footnotes":""},"categories":[1],"tags":[],"class_list":["post-40729","post","type-post","status-publish","format-standard","has-post-thumbnail","hentry","category-destacadas"],"acf":[],"_links":{"self":[{"href":"https:\/\/vocesparalelas.com.ar\/sitio\/wp-json\/wp\/v2\/posts\/40729","targetHints":{"allow":["GET"]}}],"collection":[{"href":"https:\/\/vocesparalelas.com.ar\/sitio\/wp-json\/wp\/v2\/posts"}],"about":[{"href":"https:\/\/vocesparalelas.com.ar\/sitio\/wp-json\/wp\/v2\/types\/post"}],"author":[{"embeddable":true,"href":"https:\/\/vocesparalelas.com.ar\/sitio\/wp-json\/wp\/v2\/users\/3"}],"replies":[{"embeddable":true,"href":"https:\/\/vocesparalelas.com.ar\/sitio\/wp-json\/wp\/v2\/comments?post=40729"}],"version-history":[{"count":1,"href":"https:\/\/vocesparalelas.com.ar\/sitio\/wp-json\/wp\/v2\/posts\/40729\/revisions"}],"predecessor-version":[{"id":40732,"href":"https:\/\/vocesparalelas.com.ar\/sitio\/wp-json\/wp\/v2\/posts\/40729\/revisions\/40732"}],"wp:featuredmedia":[{"embeddable":true,"href":"https:\/\/vocesparalelas.com.ar\/sitio\/wp-json\/wp\/v2\/media\/40731"}],"wp:attachment":[{"href":"https:\/\/vocesparalelas.com.ar\/sitio\/wp-json\/wp\/v2\/media?parent=40729"}],"wp:term":[{"taxonomy":"category","embeddable":true,"href":"https:\/\/vocesparalelas.com.ar\/sitio\/wp-json\/wp\/v2\/categories?post=40729"},{"taxonomy":"post_tag","embeddable":true,"href":"https:\/\/vocesparalelas.com.ar\/sitio\/wp-json\/wp\/v2\/tags?post=40729"}],"curies":[{"name":"wp","href":"https:\/\/api.w.org\/{rel}","templated":true}]}}