{"id":40725,"date":"2021-08-12T17:49:53","date_gmt":"2021-08-12T20:49:53","guid":{"rendered":"http:\/\/vocesparalelas.com.ar\/sitio\/?p=40725"},"modified":"2021-08-13T22:42:01","modified_gmt":"2021-08-14T01:42:01","slug":"la-inflacion-tambien-impacta-en-las-jubilaciones-docentes-de-las-universidades-nacionales","status":"publish","type":"post","link":"https:\/\/vocesparalelas.com.ar\/sitio\/la-inflacion-tambien-impacta-en-las-jubilaciones-docentes-de-las-universidades-nacionales\/","title":{"rendered":"La inflaci\u00f3n tambi\u00e9n impacta en las Jubilaciones Docentes de las Universidades Nacionales"},"content":{"rendered":"<p>El pasado martes 3 de agosto, se conocieron los porcentajes de incrementos para jubilaciones docentes universitarias (25,40%) y preuniversitarias (19,06%), ambas con entrada en vigencia en septiembre 2021. El siguiente incremento reci\u00e9n ser\u00e1 en marzo del 2022. Claramente nuestros reg\u00edmenes especiales siguen perdiendo contra la inflaci\u00f3n, y donde m\u00e1s se percibe ese impacto es en las jubilaciones docentes del nivel preuniversitario.<\/p>\n<p>Recordemos que en la \u00faltima reuni\u00f3n que CONADU HIST\u00d3RICA mantuvo con el Ministro de Educaci\u00f3n de la Naci\u00f3n, Dr. Nicol\u00e1s Trotta, y el Secretario de Pol\u00edticas Universitarias, Lic. Jaime Perczyk, se anunci\u00f3 la reapertura de la paritaria y los funcionarios manifestaron que era necesario \u201cdar cumplimiento al objetivo planteado por el Gobierno Nacional de que los incrementos salariales est\u00e9n por arriba de los \u00edndices inflacionarios\u201d. Meta que adem\u00e1s resulta imprescindible para la reactivaci\u00f3n del mercado interno frente a la crisis econ\u00f3mica que atraviesa el pa\u00eds, y que es v\u00e1lida tanto para la docencia en actividad como para quienes perciben jubilaciones.<\/p>\n<p>En el caso de las jubilaciones de docencia universitaria (Ley 26508 \u2013 82%) los aumentos entre septiembre de 2020 y septiembre de 2021 ser\u00e1n de 60,47% (sin nuevos aumentos hasta marzo de 2022); en tanto que la inflaci\u00f3n consolidada y estimada por REM BCRA hasta septiembre ser\u00e1 del 55,91%, pero con una proyecci\u00f3n a febrero de 2022 que el BCRA estima en 79,54%. Esto indica que la docencia universitaria jubilada por este r\u00e9gimen s\u00f3lo le van a ganar a la inflaci\u00f3n en los meses de septiembre y octubre de este a\u00f1o.<\/p>\n<p>Por otra parte, para las jubilaciones de docentes del nivel preuniversitario, el aumento entre septiembre 2020 y septiembre 2021 ser\u00e1 de 50,09% (sin nuevos aumentos hasta marzo 2022). La inflaci\u00f3n consolidada y estimada por el Banco Central para ese mismo per\u00edodo ser\u00e1 de 55,91%; pero con una proyecci\u00f3n a febrero 2022 que llegar\u00eda seg\u00fan el BCRA hasta el 79,54%.<\/p>\n<p>Esto indica que la docencia de establecimientos preuniversitarios que se jubil\u00f3 por este r\u00e9gimen, tendr\u00e1 una p\u00e9rdida sostenida frente a la inflaci\u00f3n hasta febrero 2022, momento en que se anunciar\u00e1 el nuevo incremento de marzo de ese a\u00f1o.<\/p>\n<p>Considerando solamente el a\u00f1o en curso, los aumentos de las Jubilaciones Docentes Universitarias de la Ley 26.508 (82% m\u00f3vil) ser\u00e1n del 34,18% y las de las Jubilaciones Docentes Preuniversitarias ser\u00e1n del 31,41%, cuando la inflaci\u00f3n estimada para 2021 rondar\u00e1 entre 45 y 48%. Tomando en cuenta que las actualizaciones en estos reg\u00edmenes son cada seis meses, est\u00e1 claro que si no existen cl\u00e1usulas de revisi\u00f3n intermedia \u2013 como con los salarios de docentes en actividad \u2013 las y los jubilados sufrir\u00e1n un agravamiento de las p\u00e9rdidas frente a la inflaci\u00f3n.<\/p>\n<p>Por otro lado, cabe mencionar que las y los docentes jubilados investigadores (Ley 22929 \u2013 85% m\u00f3vil) se rigen por el \u00edndice de movilidad general, que se aplica cada 3 meses.<\/p>\n<p>Tal como reclamamos para la docencia de las Universidades Nacionales en actividad, desde CONADU Hist\u00f3rica exigimos que las jubilaciones le ganen a la inflaci\u00f3n. Este ser\u00e1 uno de los temas principales que nuestra representaci\u00f3n llevar\u00e1 el Jueves, 12 de Agosto a la reuni\u00f3n Paritaria que anunci\u00f3 el Ministerio de Educaci\u00f3n de la Naci\u00f3n.<\/p>\n<p>&nbsp;<\/p>\n<p>&nbsp;<\/p>\n<p>&nbsp;<\/p>\n","protected":false},"excerpt":{"rendered":"<p>El pasado martes 3 de agosto, se conocieron los porcentajes de incrementos para jubilaciones docentes universitarias (25,40%) y preuniversitarias (19,06%),<\/p>\n","protected":false},"author":3,"featured_media":40727,"comment_status":"closed","ping_status":"closed","sticky":false,"template":"","format":"standard","meta":{"_acf_changed":false,"_seopress_robots_primary_cat":"none","_seopress_titles_title":"","_seopress_titles_desc":"","_seopress_robots_index":"","colormag_page_container_layout":"default_layout","colormag_page_sidebar_layout":"default_layout","footnotes":""},"categories":[10],"tags":[],"class_list":["post-40725","post","type-post","status-publish","format-standard","has-post-thumbnail","hentry","category-opiniones"],"acf":[],"_links":{"self":[{"href":"https:\/\/vocesparalelas.com.ar\/sitio\/wp-json\/wp\/v2\/posts\/40725","targetHints":{"allow":["GET"]}}],"collection":[{"href":"https:\/\/vocesparalelas.com.ar\/sitio\/wp-json\/wp\/v2\/posts"}],"about":[{"href":"https:\/\/vocesparalelas.com.ar\/sitio\/wp-json\/wp\/v2\/types\/post"}],"author":[{"embeddable":true,"href":"https:\/\/vocesparalelas.com.ar\/sitio\/wp-json\/wp\/v2\/users\/3"}],"replies":[{"embeddable":true,"href":"https:\/\/vocesparalelas.com.ar\/sitio\/wp-json\/wp\/v2\/comments?post=40725"}],"version-history":[{"count":1,"href":"https:\/\/vocesparalelas.com.ar\/sitio\/wp-json\/wp\/v2\/posts\/40725\/revisions"}],"predecessor-version":[{"id":40728,"href":"https:\/\/vocesparalelas.com.ar\/sitio\/wp-json\/wp\/v2\/posts\/40725\/revisions\/40728"}],"wp:featuredmedia":[{"embeddable":true,"href":"https:\/\/vocesparalelas.com.ar\/sitio\/wp-json\/wp\/v2\/media\/40727"}],"wp:attachment":[{"href":"https:\/\/vocesparalelas.com.ar\/sitio\/wp-json\/wp\/v2\/media?parent=40725"}],"wp:term":[{"taxonomy":"category","embeddable":true,"href":"https:\/\/vocesparalelas.com.ar\/sitio\/wp-json\/wp\/v2\/categories?post=40725"},{"taxonomy":"post_tag","embeddable":true,"href":"https:\/\/vocesparalelas.com.ar\/sitio\/wp-json\/wp\/v2\/tags?post=40725"}],"curies":[{"name":"wp","href":"https:\/\/api.w.org\/{rel}","templated":true}]}}