{"id":40709,"date":"2021-08-12T20:57:22","date_gmt":"2021-08-12T23:57:22","guid":{"rendered":"http:\/\/vocesparalelas.com.ar\/sitio\/?p=40709"},"modified":"2021-08-13T22:38:08","modified_gmt":"2021-08-14T01:38:08","slug":"10-350-dosis-del-2-componente-de-sputnik-v-llegaron-a-san-juan","status":"publish","type":"post","link":"https:\/\/vocesparalelas.com.ar\/sitio\/10-350-dosis-del-2-componente-de-sputnik-v-llegaron-a-san-juan\/","title":{"rendered":"10.350 dosis del 2\u00b0 componente de Sputnik V llegaron a San Juan"},"content":{"rendered":"<p>El Ministerio de Salud P\u00fablica del Gobierno de San Juan recibi\u00f3 del Ministerio de Salud de Naci\u00f3n nuevas dosis del segundo componente de la vacuna Sputnik V que fueron destinadas a las 24 jurisdicciones.<\/p>\n<p>En esta oportunidad San Juan recibi\u00f3 10.350 vacunas con el objetivo de continuar avanzando en la aplicaci\u00f3n de los esquemas completos de vacunaci\u00f3n en el marco del Plan Estrat\u00e9gico que el Gobierno nacional despliega para combatir el COVID-19.<\/p>\n<p>Desde que comenz\u00f3 la campa\u00f1a de inmunizaci\u00f3n, San Juan ya ha recibido 707.810 vacunas para completar esquemas de acuerdo a la prioridad de Naci\u00f3n y Provincia.<\/p>\n<p>&nbsp;<\/p>\n<p>&nbsp;<\/p>\n","protected":false},"excerpt":{"rendered":"<p>El Ministerio de Salud P\u00fablica del Gobierno de San Juan recibi\u00f3 del Ministerio de Salud de Naci\u00f3n nuevas dosis del<\/p>\n","protected":false},"author":3,"featured_media":40711,"comment_status":"closed","ping_status":"closed","sticky":false,"template":"","format":"standard","meta":{"_acf_changed":false,"_seopress_robots_primary_cat":"none","_seopress_titles_title":"","_seopress_titles_desc":"","_seopress_robots_index":"","colormag_page_container_layout":"default_layout","colormag_page_sidebar_layout":"default_layout","footnotes":""},"categories":[6],"tags":[],"class_list":["post-40709","post","type-post","status-publish","format-standard","has-post-thumbnail","hentry","category-eventos"],"acf":[],"_links":{"self":[{"href":"https:\/\/vocesparalelas.com.ar\/sitio\/wp-json\/wp\/v2\/posts\/40709","targetHints":{"allow":["GET"]}}],"collection":[{"href":"https:\/\/vocesparalelas.com.ar\/sitio\/wp-json\/wp\/v2\/posts"}],"about":[{"href":"https:\/\/vocesparalelas.com.ar\/sitio\/wp-json\/wp\/v2\/types\/post"}],"author":[{"embeddable":true,"href":"https:\/\/vocesparalelas.com.ar\/sitio\/wp-json\/wp\/v2\/users\/3"}],"replies":[{"embeddable":true,"href":"https:\/\/vocesparalelas.com.ar\/sitio\/wp-json\/wp\/v2\/comments?post=40709"}],"version-history":[{"count":1,"href":"https:\/\/vocesparalelas.com.ar\/sitio\/wp-json\/wp\/v2\/posts\/40709\/revisions"}],"predecessor-version":[{"id":40712,"href":"https:\/\/vocesparalelas.com.ar\/sitio\/wp-json\/wp\/v2\/posts\/40709\/revisions\/40712"}],"wp:featuredmedia":[{"embeddable":true,"href":"https:\/\/vocesparalelas.com.ar\/sitio\/wp-json\/wp\/v2\/media\/40711"}],"wp:attachment":[{"href":"https:\/\/vocesparalelas.com.ar\/sitio\/wp-json\/wp\/v2\/media?parent=40709"}],"wp:term":[{"taxonomy":"category","embeddable":true,"href":"https:\/\/vocesparalelas.com.ar\/sitio\/wp-json\/wp\/v2\/categories?post=40709"},{"taxonomy":"post_tag","embeddable":true,"href":"https:\/\/vocesparalelas.com.ar\/sitio\/wp-json\/wp\/v2\/tags?post=40709"}],"curies":[{"name":"wp","href":"https:\/\/api.w.org\/{rel}","templated":true}]}}