{"id":40705,"date":"2021-08-12T20:42:37","date_gmt":"2021-08-12T23:42:37","guid":{"rendered":"http:\/\/vocesparalelas.com.ar\/sitio\/?p=40705"},"modified":"2021-08-15T22:06:07","modified_gmt":"2021-08-16T01:06:07","slug":"hacia-la-creacion-del-instituto-de-formacion-docente-en-el-departamento-chimbas","status":"publish","type":"post","link":"https:\/\/vocesparalelas.com.ar\/sitio\/hacia-la-creacion-del-instituto-de-formacion-docente-en-el-departamento-chimbas\/","title":{"rendered":"Hacia la creaci\u00f3n del Instituto de Formaci\u00f3n Docente en el Departamento Chimbas"},"content":{"rendered":"<p>En la sede de la cartera educativa, el ministro de Educaci\u00f3n, Lic. Felipe De Los R\u00edos recibi\u00f3 al intendente de la Municipalidad de Chimbas, Fabi\u00e1n Gramajo, para confirmar la creaci\u00f3n de institutos de Formaci\u00f3n Superior.<\/p>\n<p>En el encuentro participaron la secretaria de Educaci\u00f3n, Lic. Rosana Vicentela y las directoras de Nivel Superior, Prof. Fernanda Rostagno; de Educaci\u00f3n Especial, Prof. Erima Garrido y de Gabinetes T\u00e9cnicos, Prof. M\u00f3nica Guti\u00e9rrez.<\/p>\n<p>El ministro De Los R\u00edos destac\u00f3 que \u00abla creaci\u00f3n de estos dos institutos de Formaci\u00f3n Superior les otorga una posibilidad con una futura inserci\u00f3n laboral concreta a los estudiantes de capacitarse para luego volcar este conocimiento en beneficio de la comunidad departamental\u00bb.<\/p>\n<p>Adem\u00e1s detall\u00f3 que \u00abuno de los Institutos es de Formaci\u00f3n Docente en Educaci\u00f3n Especial con orientaci\u00f3n en Discapacidad Intelectual, para contener y asistir trastornos de desarrollo. El otro es de Formaci\u00f3n T\u00e9cnica con la posibilidad de que a trav\u00e9s de un foro se defina la especialidad entre dos orientaciones \u00abDesarrollo de Software\u00bb y \u00abTecnicatura Superior en Mecatr\u00f3nica\u00bb.<\/p>\n<p>El jefe comunal Fabi\u00e1n Gramajo manifest\u00f3 su agradecimiento destacando que \u00abplantearon necesidades que ten\u00eda en departamento y el ministro los orient\u00f3 d\u00e1ndoles soluciones concretas que son posibilidades para los j\u00f3venes. Con estas creaciones me llevo educaci\u00f3n de primer nivel que es futuro para el departamento\u201d.<\/p>\n<p>El intendente acord\u00f3 donar un terreno municipal con los servicios para que se ubiquen los dos edificios escolares. Para ello las autoridades se comprometieron reunirse nuevamente en Septiembre para avanzar en la edificaci\u00f3n para que sean habilitados en el Ciclo Lectivo 2022.<\/p>\n<p>&nbsp;<\/p>\n<p>&nbsp;<\/p>\n","protected":false},"excerpt":{"rendered":"<p>En la sede de la cartera educativa, el ministro de Educaci\u00f3n, Lic. Felipe De Los R\u00edos recibi\u00f3 al intendente de<\/p>\n","protected":false},"author":3,"featured_media":40707,"comment_status":"closed","ping_status":"closed","sticky":false,"template":"","format":"standard","meta":{"_acf_changed":false,"_seopress_robots_primary_cat":"none","_seopress_titles_title":"","_seopress_titles_desc":"","_seopress_robots_index":"","colormag_page_container_layout":"default_layout","colormag_page_sidebar_layout":"default_layout","footnotes":""},"categories":[5],"tags":[],"class_list":["post-40705","post","type-post","status-publish","format-standard","has-post-thumbnail","hentry","category-ofrecimientos"],"acf":[],"_links":{"self":[{"href":"https:\/\/vocesparalelas.com.ar\/sitio\/wp-json\/wp\/v2\/posts\/40705","targetHints":{"allow":["GET"]}}],"collection":[{"href":"https:\/\/vocesparalelas.com.ar\/sitio\/wp-json\/wp\/v2\/posts"}],"about":[{"href":"https:\/\/vocesparalelas.com.ar\/sitio\/wp-json\/wp\/v2\/types\/post"}],"author":[{"embeddable":true,"href":"https:\/\/vocesparalelas.com.ar\/sitio\/wp-json\/wp\/v2\/users\/3"}],"replies":[{"embeddable":true,"href":"https:\/\/vocesparalelas.com.ar\/sitio\/wp-json\/wp\/v2\/comments?post=40705"}],"version-history":[{"count":1,"href":"https:\/\/vocesparalelas.com.ar\/sitio\/wp-json\/wp\/v2\/posts\/40705\/revisions"}],"predecessor-version":[{"id":40708,"href":"https:\/\/vocesparalelas.com.ar\/sitio\/wp-json\/wp\/v2\/posts\/40705\/revisions\/40708"}],"wp:featuredmedia":[{"embeddable":true,"href":"https:\/\/vocesparalelas.com.ar\/sitio\/wp-json\/wp\/v2\/media\/40707"}],"wp:attachment":[{"href":"https:\/\/vocesparalelas.com.ar\/sitio\/wp-json\/wp\/v2\/media?parent=40705"}],"wp:term":[{"taxonomy":"category","embeddable":true,"href":"https:\/\/vocesparalelas.com.ar\/sitio\/wp-json\/wp\/v2\/categories?post=40705"},{"taxonomy":"post_tag","embeddable":true,"href":"https:\/\/vocesparalelas.com.ar\/sitio\/wp-json\/wp\/v2\/tags?post=40705"}],"curies":[{"name":"wp","href":"https:\/\/api.w.org\/{rel}","templated":true}]}}