{"id":40700,"date":"2021-08-12T20:26:33","date_gmt":"2021-08-12T23:26:33","guid":{"rendered":"http:\/\/vocesparalelas.com.ar\/sitio\/?p=40700"},"modified":"2021-08-13T22:38:36","modified_gmt":"2021-08-14T01:38:36","slug":"se-puede-tramitar-la-cartilla-sanitaria-universitaria-en-forma-online","status":"publish","type":"post","link":"https:\/\/vocesparalelas.com.ar\/sitio\/se-puede-tramitar-la-cartilla-sanitaria-universitaria-en-forma-online\/","title":{"rendered":"Se puede tramitar la cartilla sanitaria universitaria en forma \u00abonline\u00bb"},"content":{"rendered":"<p>Desde la Direcci\u00f3n de Salud Universitaria, el Dr Duilio G\u00f3mez, inform\u00f3 que ya se est\u00e1 trabajando y es posible tramitar \u201conline\u201d la cartilla sanitaria para estudiantes, docentes y nodocentes, que se est\u00e1 haciendo como prueba piloto en esta primera etapa para luego ya quedar en forma definitiva como cartilla sanitaria virtual. Dijo que \u201cen principio se est\u00e1 trasladando toda la informaci\u00f3n disponible de la cartilla f\u00edsica a la virtual, se van a hacer algunos cambios, falta una ficha que se le entreg\u00f3 a todos los preuniversitarios, que se la tiene que llenar su m\u00e9dico de cabecera, y despu\u00e9s si es necesario el cardi\u00f3logo\u201d.<\/p>\n<figure id=\"attachment_40702\" aria-describedby=\"caption-attachment-40702\" style=\"width: 800px\" class=\"wp-caption alignnone\"><img loading=\"lazy\" decoding=\"async\" class=\"wp-image-40702 size-large\" src=\"https:\/\/vocesparalelas.com.ar\/sitio\/wp-content\/uploads\/2021\/08\/UNSJ-DR-DULIO-800x600.jpg\" alt=\"\" width=\"800\" height=\"600\" srcset=\"https:\/\/vocesparalelas.com.ar\/sitio\/wp-content\/uploads\/2021\/08\/UNSJ-DR-DULIO-800x600.jpg 800w, https:\/\/vocesparalelas.com.ar\/sitio\/wp-content\/uploads\/2021\/08\/UNSJ-DR-DULIO-300x225.jpg 300w, https:\/\/vocesparalelas.com.ar\/sitio\/wp-content\/uploads\/2021\/08\/UNSJ-DR-DULIO-768x576.jpg 768w, https:\/\/vocesparalelas.com.ar\/sitio\/wp-content\/uploads\/2021\/08\/UNSJ-DR-DULIO.jpg 1024w\" sizes=\"auto, (max-width: 800px) 100vw, 800px\" \/><figcaption id=\"caption-attachment-40702\" class=\"wp-caption-text\">Director de Salud Universitaria, el Dr Duilio G\u00f3mez<\/figcaption><\/figure>\n<p>El Director aclar\u00f3 que \u201cno es f\u00e1cil la implementaci\u00f3n, tiene un grado de complejidad su realizaci\u00f3n. Se est\u00e1 utilizando un software especial que se denomina Andes, que es el mismo que usa Salud P\u00fablica, para que toda la informaci\u00f3n se pueda entrecruzar y completar\u201d.<\/p>\n<p>G\u00f3mez afirm\u00f3 que \u201cen este momento hay dos personas dedicadas a las consultas, un m\u00e9dico y una bioingeniera, quienes est\u00e1n solucionando y evacuando todas las dudas que van surgiendo, pero la idea es empezar ya a utilizar este sistema, para que haya m\u00e1s agilidad en el tr\u00e1mite y un mejor control sobre las cartillas sanitarias, tanto de alumnos como de profesores\u201d.<\/p>\n<p>Aclar\u00f3 que \u201csi bien ya se ven\u00eda pensando en la cartilla virtual, la pandemia aceler\u00f3 los procesos, y la idea es poder hacer un mejor seguimiento de aquellas personas con alguna patolog\u00eda de base. La digitalizaci\u00f3n la vamos a hacer nosotros, y adem\u00e1s esto va a gatillar el inicio de otro programa que se est\u00e1 trabajando, que llama Universidad Saludable, con la participaci\u00f3n de un grupo de nutricionistas, que nos va a permitir actualizar datos del personal docente y nodocente, para que ya tengan su cartilla virtual\u201d.<\/p>\n<p>Se puede acceder al formulario a trav\u00e9s del siguiente link Salud Universitaria<\/p>\n<p><a href=\"http:\/\/www.unsj.edu.ar\/bienestar_universitario\/salud_universitaria\">http:\/\/www.unsj.edu.ar\/bienestar_universitario\/salud_universitaria<\/a><\/p>\n<p>&nbsp;<\/p>\n<p>&nbsp;<\/p>\n<p>&nbsp;<\/p>\n","protected":false},"excerpt":{"rendered":"<p>Desde la Direcci\u00f3n de Salud Universitaria, el Dr Duilio G\u00f3mez, inform\u00f3 que ya se est\u00e1 trabajando y es posible tramitar<\/p>\n","protected":false},"author":3,"featured_media":33674,"comment_status":"closed","ping_status":"closed","sticky":false,"template":"","format":"standard","meta":{"_acf_changed":false,"_seopress_robots_primary_cat":"none","_seopress_titles_title":"","_seopress_titles_desc":"","_seopress_robots_index":"","colormag_page_container_layout":"default_layout","colormag_page_sidebar_layout":"default_layout","footnotes":""},"categories":[5],"tags":[],"class_list":["post-40700","post","type-post","status-publish","format-standard","has-post-thumbnail","hentry","category-ofrecimientos"],"acf":[],"_links":{"self":[{"href":"https:\/\/vocesparalelas.com.ar\/sitio\/wp-json\/wp\/v2\/posts\/40700","targetHints":{"allow":["GET"]}}],"collection":[{"href":"https:\/\/vocesparalelas.com.ar\/sitio\/wp-json\/wp\/v2\/posts"}],"about":[{"href":"https:\/\/vocesparalelas.com.ar\/sitio\/wp-json\/wp\/v2\/types\/post"}],"author":[{"embeddable":true,"href":"https:\/\/vocesparalelas.com.ar\/sitio\/wp-json\/wp\/v2\/users\/3"}],"replies":[{"embeddable":true,"href":"https:\/\/vocesparalelas.com.ar\/sitio\/wp-json\/wp\/v2\/comments?post=40700"}],"version-history":[{"count":1,"href":"https:\/\/vocesparalelas.com.ar\/sitio\/wp-json\/wp\/v2\/posts\/40700\/revisions"}],"predecessor-version":[{"id":40703,"href":"https:\/\/vocesparalelas.com.ar\/sitio\/wp-json\/wp\/v2\/posts\/40700\/revisions\/40703"}],"wp:featuredmedia":[{"embeddable":true,"href":"https:\/\/vocesparalelas.com.ar\/sitio\/wp-json\/wp\/v2\/media\/33674"}],"wp:attachment":[{"href":"https:\/\/vocesparalelas.com.ar\/sitio\/wp-json\/wp\/v2\/media?parent=40700"}],"wp:term":[{"taxonomy":"category","embeddable":true,"href":"https:\/\/vocesparalelas.com.ar\/sitio\/wp-json\/wp\/v2\/categories?post=40700"},{"taxonomy":"post_tag","embeddable":true,"href":"https:\/\/vocesparalelas.com.ar\/sitio\/wp-json\/wp\/v2\/tags?post=40700"}],"curies":[{"name":"wp","href":"https:\/\/api.w.org\/{rel}","templated":true}]}}