{"id":40683,"date":"2021-08-11T22:41:20","date_gmt":"2021-08-12T01:41:20","guid":{"rendered":"http:\/\/vocesparalelas.com.ar\/sitio\/?p=40683"},"modified":"2021-08-12T00:54:40","modified_gmt":"2021-08-12T03:54:40","slug":"comenzo-el-curso-aprender-a-trabajar-con-buenas-practicas","status":"publish","type":"post","link":"https:\/\/vocesparalelas.com.ar\/sitio\/comenzo-el-curso-aprender-a-trabajar-con-buenas-practicas\/","title":{"rendered":"Comenz\u00f3 el curso \u201cAprender a trabajar con buenas pr\u00e1cticas\u201d"},"content":{"rendered":"<div class=\"cuerpo-principal\">\n<div class=\"itemBody\">\n<div class=\"itemFullText\">\n<p>El Lunes, 9 de Agosto, comenz\u00f3 el curso \u201cAprender a trabajar con buenas pr\u00e1cticas\u201d en el marco del acuerdo firmado por el Instituto Superior T\u00e9cnico de San Mart\u00edn y la Municipalidad de San Mart\u00edn.<\/p>\n<p>El curso esta destinado a docentes, productores, personal municipal y estudiantes de la Tecnicatura Superior en Gesti\u00f3n de la Producci\u00f3n Agropecuaria y Agroindustrial.<\/p>\n<p>Las buenas pr\u00e1cticas son herramientas claves en producci\u00f3n agropecuaria e industrial, por cuanto permite obtener fuentes alimenticias de calidad y con inocuidad.<\/p>\n<p>El curso de capacitaci\u00f3n, es virtual y esta a cargo de los profesores del ISTSM Ana Laura Molina, el ingeniero agropecuario Juan Pablo Segura y la veterinaria Soledad Flores, con un total de 36 horas, se inici\u00f3 el Lunes, 9 y finaliza el Viernes, 27 de Agosto.<\/p>\n<p>Son 9 encuentros, 3 referidos a las Buenas Pr\u00e1cticas Agr\u00edcolas, 3 a las Buenas Pr\u00e1cticas Pecuarias y 3 a las Buenas Pr\u00e1cticas en Manufacturas. Participan 50 inscriptos.<\/p>\n<p>El convenio fue rubricado por el intendente de San Mart\u00edn, CPN Cristian Andino; la directora de Educaci\u00f3n Superior del Ministerio de Educaci\u00f3n, Prof. Mar\u00eda Fernanda Rostagno; la rectora del Instituto Superior T\u00e9cnico de San Mart\u00edn, Prof. Laura Viviana L\u00f3pez; la coordinadora de Vinculaci\u00f3n Prof. Ana Laura Molina; el secretario del Instituto, Prof. Pablo Ortiz y el equipo del \u00c1rea de la Producci\u00f3n, Fabiana Ponce y Hern\u00e1n Saavedra.<\/p>\n<\/div>\n<\/div>\n<div class=\"clr\"><\/div>\n<\/div>\n","protected":false},"excerpt":{"rendered":"<p>El Lunes, 9 de Agosto, comenz\u00f3 el curso \u201cAprender a trabajar con buenas pr\u00e1cticas\u201d en el marco del acuerdo firmado<\/p>\n","protected":false},"author":3,"featured_media":40685,"comment_status":"closed","ping_status":"closed","sticky":false,"template":"","format":"standard","meta":{"_acf_changed":false,"_seopress_robots_primary_cat":"none","_seopress_titles_title":"","_seopress_titles_desc":"","_seopress_robots_index":"","colormag_page_container_layout":"default_layout","colormag_page_sidebar_layout":"default_layout","footnotes":""},"categories":[9],"tags":[],"class_list":["post-40683","post","type-post","status-publish","format-standard","has-post-thumbnail","hentry","category-cursos"],"acf":[],"_links":{"self":[{"href":"https:\/\/vocesparalelas.com.ar\/sitio\/wp-json\/wp\/v2\/posts\/40683","targetHints":{"allow":["GET"]}}],"collection":[{"href":"https:\/\/vocesparalelas.com.ar\/sitio\/wp-json\/wp\/v2\/posts"}],"about":[{"href":"https:\/\/vocesparalelas.com.ar\/sitio\/wp-json\/wp\/v2\/types\/post"}],"author":[{"embeddable":true,"href":"https:\/\/vocesparalelas.com.ar\/sitio\/wp-json\/wp\/v2\/users\/3"}],"replies":[{"embeddable":true,"href":"https:\/\/vocesparalelas.com.ar\/sitio\/wp-json\/wp\/v2\/comments?post=40683"}],"version-history":[{"count":1,"href":"https:\/\/vocesparalelas.com.ar\/sitio\/wp-json\/wp\/v2\/posts\/40683\/revisions"}],"predecessor-version":[{"id":40686,"href":"https:\/\/vocesparalelas.com.ar\/sitio\/wp-json\/wp\/v2\/posts\/40683\/revisions\/40686"}],"wp:featuredmedia":[{"embeddable":true,"href":"https:\/\/vocesparalelas.com.ar\/sitio\/wp-json\/wp\/v2\/media\/40685"}],"wp:attachment":[{"href":"https:\/\/vocesparalelas.com.ar\/sitio\/wp-json\/wp\/v2\/media?parent=40683"}],"wp:term":[{"taxonomy":"category","embeddable":true,"href":"https:\/\/vocesparalelas.com.ar\/sitio\/wp-json\/wp\/v2\/categories?post=40683"},{"taxonomy":"post_tag","embeddable":true,"href":"https:\/\/vocesparalelas.com.ar\/sitio\/wp-json\/wp\/v2\/tags?post=40683"}],"curies":[{"name":"wp","href":"https:\/\/api.w.org\/{rel}","templated":true}]}}