{"id":40676,"date":"2021-08-11T22:27:23","date_gmt":"2021-08-12T01:27:23","guid":{"rendered":"http:\/\/vocesparalelas.com.ar\/sitio\/?p=40676"},"modified":"2021-08-12T23:13:07","modified_gmt":"2021-08-13T02:13:07","slug":"atencion-para-certificaciones-traslados-y-legalizacion-en-el-ministerio-de-educacion-de-san-juan","status":"publish","type":"post","link":"https:\/\/vocesparalelas.com.ar\/sitio\/atencion-para-certificaciones-traslados-y-legalizacion-en-el-ministerio-de-educacion-de-san-juan\/","title":{"rendered":"Atenci\u00f3n para certificaciones, traslados y legalizaci\u00f3n en el Ministerio de Educaci\u00f3n de San Juan"},"content":{"rendered":"<div class=\"itemFullText\">\n<p>El Ministerio de Educaci\u00f3n del Gobierno de San Juan informa a las personas que deben realizar tr\u00e1mites en oficinas de la cartera educativa, a donde deben dirigirse bajo estricto protocolo, para evitar p\u00e9rdida de tiempo y el tr\u00e1nsito innecesario en el edificio en pos de la prevenci\u00f3n sanitaria.<\/p>\n<p>Para registrar y\/o legalizar documentaci\u00f3n, con el turno asignado previamente deben dirigirse al Segundo Piso N\u00facleo 2 de 8 a 13 horas y de 14:30 a 18:30 horas. Tambi\u00e9n, de 14:30 a 18:30 horas, se recepcionan certificaci\u00f3n de titularizaci\u00f3n e inscripci\u00f3n en Junta de Clasificaci\u00f3n docente, con el turno de la Junta impreso o en celular. En el caso de titularizaci\u00f3n, presentarse con el n\u00famero de tr\u00e1mite otorgado.<\/p>\n<p>Para inscribirse en Traslados deben ir al Segundo Piso N\u00facleo 2, en Mesa de Entradas, de 8 a 13 horas y de 14:30 a 18:30 horas. La atenci\u00f3n es por orden de ingreso, seg\u00fan n\u00famero de terminaci\u00f3n de DNI dispuesto por el centro de Operaciones del Centro C\u00edvico.<\/p>\n<p>Para titularizar, deben asistir a cada Direcci\u00f3n de \u00c1rea. De acuerdo al turno previo una vez que tiene la carpeta con toda la documentaci\u00f3n completa sino no podr\u00e1 iniciar el tr\u00e1mite, tienen que presentarse en el 2\u00b0 piso n\u00facleo dependiente de cada direcci\u00f3n de \u00e1rea.<\/p>\n<\/div>\n<div class=\"clr\"><\/div>\n<div class=\"itemContentFooter\"><\/div>\n<div><\/div>\n<div><\/div>\n<div><\/div>\n","protected":false},"excerpt":{"rendered":"<p>El Ministerio de Educaci\u00f3n del Gobierno de San Juan informa a las personas que deben realizar tr\u00e1mites en oficinas de<\/p>\n","protected":false},"author":3,"featured_media":5022,"comment_status":"closed","ping_status":"closed","sticky":false,"template":"","format":"standard","meta":{"_acf_changed":false,"_seopress_robots_primary_cat":"none","_seopress_titles_title":"","_seopress_titles_desc":"","_seopress_robots_index":"","colormag_page_container_layout":"default_layout","colormag_page_sidebar_layout":"default_layout","footnotes":""},"categories":[5],"tags":[],"class_list":["post-40676","post","type-post","status-publish","format-standard","has-post-thumbnail","hentry","category-ofrecimientos"],"acf":[],"_links":{"self":[{"href":"https:\/\/vocesparalelas.com.ar\/sitio\/wp-json\/wp\/v2\/posts\/40676","targetHints":{"allow":["GET"]}}],"collection":[{"href":"https:\/\/vocesparalelas.com.ar\/sitio\/wp-json\/wp\/v2\/posts"}],"about":[{"href":"https:\/\/vocesparalelas.com.ar\/sitio\/wp-json\/wp\/v2\/types\/post"}],"author":[{"embeddable":true,"href":"https:\/\/vocesparalelas.com.ar\/sitio\/wp-json\/wp\/v2\/users\/3"}],"replies":[{"embeddable":true,"href":"https:\/\/vocesparalelas.com.ar\/sitio\/wp-json\/wp\/v2\/comments?post=40676"}],"version-history":[{"count":1,"href":"https:\/\/vocesparalelas.com.ar\/sitio\/wp-json\/wp\/v2\/posts\/40676\/revisions"}],"predecessor-version":[{"id":40678,"href":"https:\/\/vocesparalelas.com.ar\/sitio\/wp-json\/wp\/v2\/posts\/40676\/revisions\/40678"}],"wp:featuredmedia":[{"embeddable":true,"href":"https:\/\/vocesparalelas.com.ar\/sitio\/wp-json\/wp\/v2\/media\/5022"}],"wp:attachment":[{"href":"https:\/\/vocesparalelas.com.ar\/sitio\/wp-json\/wp\/v2\/media?parent=40676"}],"wp:term":[{"taxonomy":"category","embeddable":true,"href":"https:\/\/vocesparalelas.com.ar\/sitio\/wp-json\/wp\/v2\/categories?post=40676"},{"taxonomy":"post_tag","embeddable":true,"href":"https:\/\/vocesparalelas.com.ar\/sitio\/wp-json\/wp\/v2\/tags?post=40676"}],"curies":[{"name":"wp","href":"https:\/\/api.w.org\/{rel}","templated":true}]}}