{"id":40672,"date":"2021-08-11T21:24:29","date_gmt":"2021-08-12T00:24:29","guid":{"rendered":"http:\/\/vocesparalelas.com.ar\/sitio\/?p=40672"},"modified":"2021-08-12T23:44:43","modified_gmt":"2021-08-13T02:44:43","slug":"san-juan-brinda-tratamiento-con-cannabis-medicinal-a-dos-pacientes-que-padecen-epilepsia-refractaria","status":"publish","type":"post","link":"https:\/\/vocesparalelas.com.ar\/sitio\/san-juan-brinda-tratamiento-con-cannabis-medicinal-a-dos-pacientes-que-padecen-epilepsia-refractaria\/","title":{"rendered":"San Juan brinda tratamiento con cannabis medicinal a dos pacientes que padecen epilepsia refractaria"},"content":{"rendered":"<div class=\"itemFullText\">\n<p>El Ministerio de Salud de la Provincia ya adquiere cannabis medicinal para pacientes que sufren de epilepsia refractaria.<\/p>\n<p>Esto es as\u00ed porque reci\u00e9n, a principios de 2021 la Administraci\u00f3n Nacional de Medicamentos y Tecnolog\u00eda M\u00e9dica &#8211; Anmat &#8211; autoriz\u00f3 a un laboratorio argentino a fabricar el aceite de cannabis y a comercializarlo en el pa\u00eds.<\/p>\n<p>Se trata de la empresa Alef Medical Argentina que fue autorizada a producir y vender el Convupidiol 100 mg, soluci\u00f3n oral. Este medicamento est\u00e1 compuesto por un principio activo denominado \u201ccannabidiol\u201d, qu\u00edmico que se extrae de la planta\u00a0<em>Cannabis sativa<\/em>.<\/p>\n<p>Est\u00e1 indicado para el tratamiento de la epilepsia refractaria (trastorno en el que se ve afectada la actividad de las c\u00e9lulas nerviosas en el cerebro y provoca convulsiones), entre otras patolog\u00edas. Y se suministra a pacientes de 2 a\u00f1os de edad y mayores.<\/p>\n<p>San Juan, pionera en el tema, ya contaba con una ley provincial que facilitaba la llegada de medicaci\u00f3n con cannabis. Era la 1926 Q, del a\u00f1o 2017, que facultaba (art\u00edculo 8) a la Divisi\u00f3n Farmacia del Ministerio de Salud provincial para solicitar a organismos e instituciones nacionales la provisi\u00f3n de aceite de cannabis para aquellos pacientes inscriptos en el Registro Nacional. La norma, buscaba tambi\u00e9n, garantizar el acceso justo e igualitario a todos las personas necesitadas.<\/p>\n<p>La ley provincial mencionada era una adhesi\u00f3n a la normativa nacional N\u00b0 27350 que autorizaba el uso medicinal de la planta de cannabis y sus derivados.<\/p>\n<figure id=\"attachment_40674\" aria-describedby=\"caption-attachment-40674\" style=\"width: 782px\" class=\"wp-caption alignnone\"><img loading=\"lazy\" decoding=\"async\" class=\"wp-image-40674 size-full\" src=\"https:\/\/vocesparalelas.com.ar\/sitio\/wp-content\/uploads\/2021\/08\/LIC.-CARMONA.jpg\" alt=\"\" width=\"782\" height=\"587\" srcset=\"https:\/\/vocesparalelas.com.ar\/sitio\/wp-content\/uploads\/2021\/08\/LIC.-CARMONA.jpg 782w, https:\/\/vocesparalelas.com.ar\/sitio\/wp-content\/uploads\/2021\/08\/LIC.-CARMONA-300x225.jpg 300w, https:\/\/vocesparalelas.com.ar\/sitio\/wp-content\/uploads\/2021\/08\/LIC.-CARMONA-768x576.jpg 768w\" sizes=\"auto, (max-width: 782px) 100vw, 782px\" \/><figcaption id=\"caption-attachment-40674\" class=\"wp-caption-text\">Jefe de la Divisi\u00f3n Farmacia de Salud P\u00fablica del Gobierno de San Juan, Lic. Mario Carmona<\/figcaption><\/figure>\n<p>Sobre el tema, el jefe de la Divisi\u00f3n Farmacia de Salud P\u00fablica de la Provincia, Lic. Mario Carmona, explic\u00f3 que \u00abel ministerio ya puede gestionar el aceite de cannabis para pacientes que padecen epilepsia refractaria sin cobertura social. En estos momentos tenemos dos pacientes, uno pedi\u00e1trico desde junio y otro adulto, desde julio, que padecen esta patolog\u00eda y se les est\u00e1 suministrando Convupidiol<b>\u00ab.<\/b><\/p>\n<p>Si bien es una medicaci\u00f3n que ya est\u00e1 autorizada en el pa\u00eds, se supo que no est\u00e1 a la venta en las farmacias y que, por el momento, solo se adquiere por intermedio del Estado provincial para pacientes que no tienen obra social.<\/p>\n<p><strong><span style=\"color: #339966;\">Tr\u00e1mites<\/span><\/strong><\/p>\n<p>Los interesados deben pasar por el tercer piso del Centro C\u00edvico para conocer los requisitos que necesitan. El profesional tratante neur\u00f3logo debe confeccionar la historia cl\u00ednica y la receta respectiva para su dispensa<\/p>\n<p>Los interesados recibir\u00e1n la visita domiciliaria de las licenciadas en Servicio Social del ministerio para el informe respectivo.<\/p>\n<p>Con la medicaci\u00f3n en manos, el paciente deber\u00e1 presentar informes m\u00e9dicos de evoluci\u00f3n, cada tres meses, cuyo fin es seguir el impacto de la medicaci\u00f3n.<\/p>\n<p>Lugar: Divisi\u00f3n Farmacia, 3 piso del Centro C\u00edvico San Juan, Ministerio de Salud P\u00fablica.<\/p>\n<\/div>\n<div class=\"clr\"><\/div>\n<div class=\"itemContentFooter\"><\/div>\n<div><\/div>\n<div><\/div>\n","protected":false},"excerpt":{"rendered":"<p>El Ministerio de Salud de la Provincia ya adquiere cannabis medicinal para pacientes que sufren de epilepsia refractaria. Esto es<\/p>\n","protected":false},"author":3,"featured_media":1245,"comment_status":"closed","ping_status":"closed","sticky":false,"template":"","format":"standard","meta":{"_acf_changed":false,"_seopress_robots_primary_cat":"none","_seopress_titles_title":"","_seopress_titles_desc":"","_seopress_robots_index":"","colormag_page_container_layout":"default_layout","colormag_page_sidebar_layout":"default_layout","footnotes":""},"categories":[2],"tags":[],"class_list":["post-40672","post","type-post","status-publish","format-standard","has-post-thumbnail","hentry","category-convocatorias"],"acf":[],"_links":{"self":[{"href":"https:\/\/vocesparalelas.com.ar\/sitio\/wp-json\/wp\/v2\/posts\/40672","targetHints":{"allow":["GET"]}}],"collection":[{"href":"https:\/\/vocesparalelas.com.ar\/sitio\/wp-json\/wp\/v2\/posts"}],"about":[{"href":"https:\/\/vocesparalelas.com.ar\/sitio\/wp-json\/wp\/v2\/types\/post"}],"author":[{"embeddable":true,"href":"https:\/\/vocesparalelas.com.ar\/sitio\/wp-json\/wp\/v2\/users\/3"}],"replies":[{"embeddable":true,"href":"https:\/\/vocesparalelas.com.ar\/sitio\/wp-json\/wp\/v2\/comments?post=40672"}],"version-history":[{"count":1,"href":"https:\/\/vocesparalelas.com.ar\/sitio\/wp-json\/wp\/v2\/posts\/40672\/revisions"}],"predecessor-version":[{"id":40675,"href":"https:\/\/vocesparalelas.com.ar\/sitio\/wp-json\/wp\/v2\/posts\/40672\/revisions\/40675"}],"wp:featuredmedia":[{"embeddable":true,"href":"https:\/\/vocesparalelas.com.ar\/sitio\/wp-json\/wp\/v2\/media\/1245"}],"wp:attachment":[{"href":"https:\/\/vocesparalelas.com.ar\/sitio\/wp-json\/wp\/v2\/media?parent=40672"}],"wp:term":[{"taxonomy":"category","embeddable":true,"href":"https:\/\/vocesparalelas.com.ar\/sitio\/wp-json\/wp\/v2\/categories?post=40672"},{"taxonomy":"post_tag","embeddable":true,"href":"https:\/\/vocesparalelas.com.ar\/sitio\/wp-json\/wp\/v2\/tags?post=40672"}],"curies":[{"name":"wp","href":"https:\/\/api.w.org\/{rel}","templated":true}]}}