{"id":40662,"date":"2021-08-16T18:57:22","date_gmt":"2021-08-16T21:57:22","guid":{"rendered":"http:\/\/vocesparalelas.com.ar\/sitio\/?p=40662"},"modified":"2021-08-16T20:22:36","modified_gmt":"2021-08-16T23:22:36","slug":"acto-de-conmemoracion-del-82-aniversario-de-la-creacion-de-la-fi-de-la-unsj","status":"publish","type":"post","link":"https:\/\/vocesparalelas.com.ar\/sitio\/acto-de-conmemoracion-del-82-aniversario-de-la-creacion-de-la-fi-de-la-unsj\/","title":{"rendered":"Acto de conmemoraci\u00f3n del 82\u00b0 aniversario de la creaci\u00f3n de la FI de la UNSJ"},"content":{"rendered":"<p>El Lunes, 16 de Agosto, se cumplen 82 a\u00f1os de vida institucional de la Facultad de Ingenier\u00eda de la Universidad Nacional de San Juan.<\/p>\n<p>Por tratarse de un feriado nacional, los festejos se trasladan al Martes, 17 de Agosto, a las 9 hs.; en la plaza central de la Facultad. Adem\u00e1s, se conmemora el aniversario del Paso a la Inmortalidad del General Jos\u00e9 de San Mart\u00edn.<\/p>\n<p>Las autoridades de la Facultad de Ingenier\u00eda invitan a la comunidad universitaria a participar de estos actos.<\/p>\n<p>&nbsp;<\/p>\n<p>&nbsp;<\/p>\n<p>&nbsp;<\/p>\n","protected":false},"excerpt":{"rendered":"<p>El Lunes, 16 de Agosto, se cumplen 82 a\u00f1os de vida institucional de la Facultad de Ingenier\u00eda de la Universidad<\/p>\n","protected":false},"author":3,"featured_media":14284,"comment_status":"closed","ping_status":"closed","sticky":false,"template":"","format":"standard","meta":{"_acf_changed":false,"_seopress_robots_primary_cat":"none","_seopress_titles_title":"","_seopress_titles_desc":"","_seopress_robots_index":"","colormag_page_container_layout":"default_layout","colormag_page_sidebar_layout":"default_layout","footnotes":""},"categories":[1],"tags":[],"class_list":["post-40662","post","type-post","status-publish","format-standard","has-post-thumbnail","hentry","category-destacadas"],"acf":[],"_links":{"self":[{"href":"https:\/\/vocesparalelas.com.ar\/sitio\/wp-json\/wp\/v2\/posts\/40662","targetHints":{"allow":["GET"]}}],"collection":[{"href":"https:\/\/vocesparalelas.com.ar\/sitio\/wp-json\/wp\/v2\/posts"}],"about":[{"href":"https:\/\/vocesparalelas.com.ar\/sitio\/wp-json\/wp\/v2\/types\/post"}],"author":[{"embeddable":true,"href":"https:\/\/vocesparalelas.com.ar\/sitio\/wp-json\/wp\/v2\/users\/3"}],"replies":[{"embeddable":true,"href":"https:\/\/vocesparalelas.com.ar\/sitio\/wp-json\/wp\/v2\/comments?post=40662"}],"version-history":[{"count":1,"href":"https:\/\/vocesparalelas.com.ar\/sitio\/wp-json\/wp\/v2\/posts\/40662\/revisions"}],"predecessor-version":[{"id":40664,"href":"https:\/\/vocesparalelas.com.ar\/sitio\/wp-json\/wp\/v2\/posts\/40662\/revisions\/40664"}],"wp:featuredmedia":[{"embeddable":true,"href":"https:\/\/vocesparalelas.com.ar\/sitio\/wp-json\/wp\/v2\/media\/14284"}],"wp:attachment":[{"href":"https:\/\/vocesparalelas.com.ar\/sitio\/wp-json\/wp\/v2\/media?parent=40662"}],"wp:term":[{"taxonomy":"category","embeddable":true,"href":"https:\/\/vocesparalelas.com.ar\/sitio\/wp-json\/wp\/v2\/categories?post=40662"},{"taxonomy":"post_tag","embeddable":true,"href":"https:\/\/vocesparalelas.com.ar\/sitio\/wp-json\/wp\/v2\/tags?post=40662"}],"curies":[{"name":"wp","href":"https:\/\/api.w.org\/{rel}","templated":true}]}}