{"id":40659,"date":"2021-08-11T18:31:00","date_gmt":"2021-08-11T21:31:00","guid":{"rendered":"http:\/\/vocesparalelas.com.ar\/sitio\/?p=40659"},"modified":"2021-08-11T18:31:00","modified_gmt":"2021-08-11T21:31:00","slug":"1-reunion-del-consejo-directivo-de-la-fi-de-la-unsj","status":"publish","type":"post","link":"https:\/\/vocesparalelas.com.ar\/sitio\/1-reunion-del-consejo-directivo-de-la-fi-de-la-unsj\/","title":{"rendered":"1\u00b0 Reuni\u00f3n del Consejo Directivo de la FI de la UNSJ"},"content":{"rendered":"<p>El Martes, 10 de Agosto se realiz\u00f3 la primera reuni\u00f3n de los nuevos integrantes del Consejo Directivo de la Facultad de Ingenier\u00eda de la Universidad Nacional de San Juan.<\/p>\n<p>El encuentro tuvo lugar en el Sal\u00f3n de Actos del Instituto de Energ\u00eda El\u00e9ctrica UNSJ- CONICET, en horas de la tarde.<\/p>\n<p>Durante el encuentro se eligi\u00f3 y puso en funciones al nuevo secretario del CD, Pablo Flores. Tambi\u00e9n fueron electas las nuevas autoridades de las distintas comisiones.<\/p>\n<p>\u00a1Felicitaciones a los nuevos miembros del Consejo Directivo de la FI!<\/p>\n<p>&nbsp;<\/p>\n<p>&nbsp;<\/p>\n<p>&nbsp;<\/p>\n","protected":false},"excerpt":{"rendered":"<p>El Martes, 10 de Agosto se realiz\u00f3 la primera reuni\u00f3n de los nuevos integrantes del Consejo Directivo de la Facultad<\/p>\n","protected":false},"author":3,"featured_media":23028,"comment_status":"closed","ping_status":"closed","sticky":false,"template":"","format":"standard","meta":{"_acf_changed":false,"_seopress_robots_primary_cat":"none","_seopress_titles_title":"","_seopress_titles_desc":"","_seopress_robots_index":"","colormag_page_container_layout":"default_layout","colormag_page_sidebar_layout":"default_layout","footnotes":""},"categories":[1],"tags":[],"class_list":["post-40659","post","type-post","status-publish","format-standard","has-post-thumbnail","hentry","category-destacadas"],"acf":[],"_links":{"self":[{"href":"https:\/\/vocesparalelas.com.ar\/sitio\/wp-json\/wp\/v2\/posts\/40659","targetHints":{"allow":["GET"]}}],"collection":[{"href":"https:\/\/vocesparalelas.com.ar\/sitio\/wp-json\/wp\/v2\/posts"}],"about":[{"href":"https:\/\/vocesparalelas.com.ar\/sitio\/wp-json\/wp\/v2\/types\/post"}],"author":[{"embeddable":true,"href":"https:\/\/vocesparalelas.com.ar\/sitio\/wp-json\/wp\/v2\/users\/3"}],"replies":[{"embeddable":true,"href":"https:\/\/vocesparalelas.com.ar\/sitio\/wp-json\/wp\/v2\/comments?post=40659"}],"version-history":[{"count":1,"href":"https:\/\/vocesparalelas.com.ar\/sitio\/wp-json\/wp\/v2\/posts\/40659\/revisions"}],"predecessor-version":[{"id":40661,"href":"https:\/\/vocesparalelas.com.ar\/sitio\/wp-json\/wp\/v2\/posts\/40659\/revisions\/40661"}],"wp:featuredmedia":[{"embeddable":true,"href":"https:\/\/vocesparalelas.com.ar\/sitio\/wp-json\/wp\/v2\/media\/23028"}],"wp:attachment":[{"href":"https:\/\/vocesparalelas.com.ar\/sitio\/wp-json\/wp\/v2\/media?parent=40659"}],"wp:term":[{"taxonomy":"category","embeddable":true,"href":"https:\/\/vocesparalelas.com.ar\/sitio\/wp-json\/wp\/v2\/categories?post=40659"},{"taxonomy":"post_tag","embeddable":true,"href":"https:\/\/vocesparalelas.com.ar\/sitio\/wp-json\/wp\/v2\/tags?post=40659"}],"curies":[{"name":"wp","href":"https:\/\/api.w.org\/{rel}","templated":true}]}}