{"id":40652,"date":"2021-08-11T00:41:49","date_gmt":"2021-08-11T03:41:49","guid":{"rendered":"http:\/\/vocesparalelas.com.ar\/sitio\/?p=40652"},"modified":"2021-08-12T22:27:46","modified_gmt":"2021-08-13T01:27:46","slug":"se-adelanta-el-tramo-del-7-al-sueldo-de-agosto-para-los-docentes-de-san-juan","status":"publish","type":"post","link":"https:\/\/vocesparalelas.com.ar\/sitio\/se-adelanta-el-tramo-del-7-al-sueldo-de-agosto-para-los-docentes-de-san-juan\/","title":{"rendered":"Se adelanta el tramo del 7 % al sueldo de Agosto para los docentes de San Juan"},"content":{"rendered":"<p>La Uni\u00f3n Docentes Agremiados Provinciales, UDAP, informa a los docentes de los distintos niveles y modalidades del sistema educativo de gesti\u00f3n P\u00fablica, Estatal y Privada, que en el d\u00eda de la fecha se llev\u00f3 a cabo en el Ministerio de Educaci\u00f3n de la Provincia, la Sesi\u00f3n N\u00ba 2 de la Negociaci\u00f3n Colectiva N\u00ba 04-2021, con la participaci\u00f3n del Ministro de Educaci\u00f3n, de Hacienda y Finanzas, representantes gremiales y asesores de partes.<\/p>\n<p>Iniciada la sesi\u00f3n y de acuerdo al requerimiento de los gremios realizado oportunamente, la Sra. Ministra de Hacienda y Finanzas de la provincia, ofrece al sector conforme a las proyecciones realizadas por el gobierno, adelantar el tramo del 7% del mes de octubre al mes de agosto, alcanzando as\u00ed el 50% pactado. Adem\u00e1s, se ofrece incrementar los montos de los contratos administrativos de colaboraci\u00f3n en un promedio del 32% y el incremento de las asignaciones familiares un 40% en los tramos y un 30% en los montos.<\/p>\n<p>Tambi\u00e9n la Ministro comunica que, en los sueldos del mes de agosto, se ver\u00e1 reflejado en la medida que corresponda, la primera cuota de la devoluci\u00f3n del impuesto a las ganancias conforme Res. N\u00ba 5008\/2021 de AFIP y la segunda, tercera y cuarta cuota, en los salarios de septiembre, octubre y noviembre.<\/p>\n<p>El Sector Sindical manifest\u00f3 que, habi\u00e9ndose dado cumplimiento a lo solicitado, acepta la propuesta dada por la parte empleadora, considerando adem\u00e1s el ofrecimiento de una cl\u00e1usula de revisi\u00f3n, en el transcurso del mes de noviembre.<\/p>\n<p>Los gremios reivindican y ratifican la plena vigencia de la paritaria docente provincial, en el marco de la Ley Nacional N\u00ba 23.929 y la Ley Provincial N\u00ba 925-K.; por su parte el Ministro de Educaci\u00f3n sostiene que, desde el Poder Ejecutivo de la provincia, se garantiza el respeto irrestricto de la legislaci\u00f3n citada.<\/p>\n<p>En relaci\u00f3n a las liquidaciones adeudadas del personal docente, suplente e interino de los distintos niveles y modalidades, que en un listado complementario se realizar\u00e1 el pago de las liquidaciones del mes de julio. Con respecto al c\u00f3digo E: 95, dada su complejidad, se est\u00e1 haciendo un an\u00e1lisis pertinente para dar una respuesta a lo solicitado.<\/p>\n<p>Para los cargos que est\u00e1n por debajo del cargo testigo, por ejemplo: celadores; desde los dos ministerios, se abordar\u00e1 y evaluar\u00e1 una propuesta relacionada a los mismos.<\/p>\n<p>Se deja establecido que el Gobierno de la Provincia, \u201cgarantizar\u00e1 el cumplimiento de todo lo acordado en la Paritaria Nacional Docente en curso (agosto\/21), sin modificar a la baja los acuerdos provinciales presente\u201d.<\/p>\n<p style=\"text-align: right;\">San Juan, 10 de agosto de 2021<\/p>\n<p style=\"text-align: right;\">Secretariado Ejecutivo<\/p>\n<p style=\"text-align: right;\">Luis Lucero<\/p>\n<p>&nbsp;<\/p>\n","protected":false},"excerpt":{"rendered":"<p>La Uni\u00f3n Docentes Agremiados Provinciales, UDAP, informa a los docentes de los distintos niveles y modalidades del sistema educativo de<\/p>\n","protected":false},"author":3,"featured_media":27001,"comment_status":"closed","ping_status":"closed","sticky":false,"template":"","format":"standard","meta":{"_acf_changed":false,"_seopress_robots_primary_cat":"none","_seopress_titles_title":"","_seopress_titles_desc":"","_seopress_robots_index":"","colormag_page_container_layout":"default_layout","colormag_page_sidebar_layout":"default_layout","footnotes":""},"categories":[6],"tags":[],"class_list":["post-40652","post","type-post","status-publish","format-standard","has-post-thumbnail","hentry","category-eventos"],"acf":[],"_links":{"self":[{"href":"https:\/\/vocesparalelas.com.ar\/sitio\/wp-json\/wp\/v2\/posts\/40652","targetHints":{"allow":["GET"]}}],"collection":[{"href":"https:\/\/vocesparalelas.com.ar\/sitio\/wp-json\/wp\/v2\/posts"}],"about":[{"href":"https:\/\/vocesparalelas.com.ar\/sitio\/wp-json\/wp\/v2\/types\/post"}],"author":[{"embeddable":true,"href":"https:\/\/vocesparalelas.com.ar\/sitio\/wp-json\/wp\/v2\/users\/3"}],"replies":[{"embeddable":true,"href":"https:\/\/vocesparalelas.com.ar\/sitio\/wp-json\/wp\/v2\/comments?post=40652"}],"version-history":[{"count":4,"href":"https:\/\/vocesparalelas.com.ar\/sitio\/wp-json\/wp\/v2\/posts\/40652\/revisions"}],"predecessor-version":[{"id":40658,"href":"https:\/\/vocesparalelas.com.ar\/sitio\/wp-json\/wp\/v2\/posts\/40652\/revisions\/40658"}],"wp:featuredmedia":[{"embeddable":true,"href":"https:\/\/vocesparalelas.com.ar\/sitio\/wp-json\/wp\/v2\/media\/27001"}],"wp:attachment":[{"href":"https:\/\/vocesparalelas.com.ar\/sitio\/wp-json\/wp\/v2\/media?parent=40652"}],"wp:term":[{"taxonomy":"category","embeddable":true,"href":"https:\/\/vocesparalelas.com.ar\/sitio\/wp-json\/wp\/v2\/categories?post=40652"},{"taxonomy":"post_tag","embeddable":true,"href":"https:\/\/vocesparalelas.com.ar\/sitio\/wp-json\/wp\/v2\/tags?post=40652"}],"curies":[{"name":"wp","href":"https:\/\/api.w.org\/{rel}","templated":true}]}}