{"id":40647,"date":"2021-08-11T00:29:12","date_gmt":"2021-08-11T03:29:12","guid":{"rendered":"http:\/\/vocesparalelas.com.ar\/sitio\/?p=40647"},"modified":"2021-08-11T00:42:08","modified_gmt":"2021-08-11T03:42:08","slug":"festeja-el-dia-del-nino-en-el-faunistico","status":"publish","type":"post","link":"https:\/\/vocesparalelas.com.ar\/sitio\/festeja-el-dia-del-nino-en-el-faunistico\/","title":{"rendered":"Festeja el D\u00eda del Ni\u00f1o en el Faun\u00edstico"},"content":{"rendered":"<p>La Municipalidad de Rivadavia informa que del 10 al 15 de Agosto, de 10 a 18hs.; los chicos hasta 12 a\u00f1os ingresan gratis al Faun\u00edstico.<\/p>\n<p>Pide a tus padres que te lleven al Faun\u00edstico para disfrutar y aprender en el Centro para la conservaci\u00f3n de la fauna silvestre y las especies que habitan en este espacio que los cuida.<\/p>\n<p>Tambi\u00e9n, puedes visitar la granja educativa y la nueva huerta agroecol\u00f3gica.<\/p>\n<p>&nbsp;<\/p>\n<p><iframe loading=\"lazy\" title=\"RIVADAVIA FAUNISTICO 1\" width=\"800\" height=\"450\" src=\"https:\/\/www.youtube.com\/embed\/amhU_iaQOzA?feature=oembed\" frameborder=\"0\" allow=\"accelerometer; autoplay; clipboard-write; encrypted-media; gyroscope; picture-in-picture\" allowfullscreen><\/iframe><\/p>\n<p>&nbsp;<\/p>\n<p>&nbsp;<\/p>\n<p><img loading=\"lazy\" decoding=\"async\" class=\"wp-image-40649 size-full aligncenter\" src=\"https:\/\/vocesparalelas.com.ar\/sitio\/wp-content\/uploads\/2021\/08\/faunistico-nino.jpg\" alt=\"\" width=\"240\" height=\"192\" \/><\/p>\n","protected":false},"excerpt":{"rendered":"<p>La Municipalidad de Rivadavia informa que del 10 al 15 de Agosto, de 10 a 18hs.; los chicos hasta 12<\/p>\n","protected":false},"author":3,"featured_media":25889,"comment_status":"closed","ping_status":"closed","sticky":false,"template":"","format":"video","meta":{"_acf_changed":false,"_seopress_robots_primary_cat":"none","_seopress_titles_title":"","_seopress_titles_desc":"","_seopress_robots_index":"","colormag_page_container_layout":"default_layout","colormag_page_sidebar_layout":"default_layout","footnotes":""},"categories":[20,7],"tags":[],"class_list":["post-40647","post","type-post","status-publish","format-video","has-post-thumbnail","hentry","category-cartelera","category-videos","post_format-post-format-video"],"acf":[],"_links":{"self":[{"href":"https:\/\/vocesparalelas.com.ar\/sitio\/wp-json\/wp\/v2\/posts\/40647","targetHints":{"allow":["GET"]}}],"collection":[{"href":"https:\/\/vocesparalelas.com.ar\/sitio\/wp-json\/wp\/v2\/posts"}],"about":[{"href":"https:\/\/vocesparalelas.com.ar\/sitio\/wp-json\/wp\/v2\/types\/post"}],"author":[{"embeddable":true,"href":"https:\/\/vocesparalelas.com.ar\/sitio\/wp-json\/wp\/v2\/users\/3"}],"replies":[{"embeddable":true,"href":"https:\/\/vocesparalelas.com.ar\/sitio\/wp-json\/wp\/v2\/comments?post=40647"}],"version-history":[{"count":1,"href":"https:\/\/vocesparalelas.com.ar\/sitio\/wp-json\/wp\/v2\/posts\/40647\/revisions"}],"predecessor-version":[{"id":40650,"href":"https:\/\/vocesparalelas.com.ar\/sitio\/wp-json\/wp\/v2\/posts\/40647\/revisions\/40650"}],"wp:featuredmedia":[{"embeddable":true,"href":"https:\/\/vocesparalelas.com.ar\/sitio\/wp-json\/wp\/v2\/media\/25889"}],"wp:attachment":[{"href":"https:\/\/vocesparalelas.com.ar\/sitio\/wp-json\/wp\/v2\/media?parent=40647"}],"wp:term":[{"taxonomy":"category","embeddable":true,"href":"https:\/\/vocesparalelas.com.ar\/sitio\/wp-json\/wp\/v2\/categories?post=40647"},{"taxonomy":"post_tag","embeddable":true,"href":"https:\/\/vocesparalelas.com.ar\/sitio\/wp-json\/wp\/v2\/tags?post=40647"}],"curies":[{"name":"wp","href":"https:\/\/api.w.org\/{rel}","templated":true}]}}