{"id":40488,"date":"2021-08-06T15:40:15","date_gmt":"2021-08-06T18:40:15","guid":{"rendered":"http:\/\/vocesparalelas.com.ar\/sitio\/?p=40488"},"modified":"2021-08-07T22:31:57","modified_gmt":"2021-08-08T01:31:57","slug":"eleccion-de-regente-del-profesorado-de-ensenanza-superior-monsenor-dr-silvino-martinez","status":"publish","type":"post","link":"https:\/\/vocesparalelas.com.ar\/sitio\/eleccion-de-regente-del-profesorado-de-ensenanza-superior-monsenor-dr-silvino-martinez\/","title":{"rendered":"Elecci\u00f3n de Regente del Profesorado de Ense\u00f1anza Superior \u201cMonse\u00f1or Dr. Silvino Mart\u00ednez\u201d"},"content":{"rendered":"<p>La Rector\u00eda y el Consejo Acad\u00e9mico del Profesorado de Ense\u00f1anza Superior \u201cMonse\u00f1or Dr. Silvino Mart\u00ednez\u201d, se dirige al Personal Docente del Profesorado, con el objeto de comunicarles que al disponer en el Equipo de Gesti\u00f3n del cargo de Regente, se convoca a cubrir el cargo del mismo en car\u00e1cter de Interino Cat. 85<\/p>\n<p><strong>Visto<\/strong> \u2013 Resoluci\u00f3n 7618-ME-14-;<\/p>\n<p>-ARTICULO 56\u00b0.-La Regencia o Secretar\u00eda Acad\u00e9mica, constituye la unidad responsable de la coordinaci\u00f3n acad\u00e9mica, articulando las acciones de docencia y otras actividades\u00a0 acad\u00e9micas a cargo del Instituto, la programaci\u00f3n y el personal docente responsable de tales acciones; con el objetivo de fortalecer la trayectoria formativa de los estudiantes. Funciona bajo la dependencia del Rectorado.<\/p>\n<p><span style=\"color: #339966;\"><strong>Son sus funciones<\/strong><\/span><\/p>\n<p>ART\u00cdCULO 57\u00b0.-Son funciones del Regente\/Secretario Acad\u00e9mico del Instituto Superior<\/p>\n<ol>\n<li>Ejercer la coordinaci\u00f3n acad\u00e9mica del Instituto Superior.<\/li>\n<li>Articular las acciones vinculadas al desarrollo de las diferentes Carreras y supervisar el desarrollo de las actividades acad\u00e9micas.<\/li>\n<li>Intervenir en la programaci\u00f3n y organizaci\u00f3n de las acciones pedag\u00f3gicas de actualizaci\u00f3n, perfeccionamiento docente, de investigaci\u00f3n educativa y de apoyo pedag\u00f3gico a las escuelas seg\u00fan sean las funciones del instituto.<\/li>\n<li>Analizar los proyectos anuales presentados para las distintas unidades auriculares y elevarlos, fundamentando su opini\u00f3n, al Consejo Acad\u00e9mico para su aprobaci\u00f3n.<\/li>\n<li>Coordinar las actividades del personal docente.<\/li>\n<li>Participar en el asesoramiento, evaluaci\u00f3n y seguimiento de la trayectoria formativa del alumno.<\/li>\n<li>Establecer horarios de clases y ex\u00e1menes.<\/li>\n<li>Asesorar al Consejo Acad\u00e9mico en los asuntos t\u00e9cnico-docentes.<\/li>\n<li>Participar, cuando corresponda, de los \u00f3rganos colegiados de conducci\u00f3n.<\/li>\n<li>Supervisar las acciones del \u00c1rea de Estudiantes.<\/li>\n<li>Gestionar, a trav\u00e9s del \u00c1rea de Estudiantes, la inscripci\u00f3n de alumnos en las instancias curriculares y mesas de ex\u00e1menes.<\/li>\n<li>Articular con los Departamentos\/Coordinaciones de Carreras y la Biblioteca el relevamiento de las necesidades de material bibliogr\u00e1fico y documental.<\/li>\n<li>Participar en el asesoramiento, evaluaci\u00f3n y seguimiento de los estudios del alumno.<\/li>\n<\/ol>\n<p><span style=\"color: #339966;\"><strong>Su Designaci\u00f3n <\/strong><\/span><\/p>\n<p>ARTICULO 58\u00b0.-La Regencia\/Secretaria Acad\u00e9mica es dirigida por un (01) Regente, designado por concurso convocado por el Consejo Acad\u00e9mico en la forma y condiciones contemplados en el presente.<\/p>\n<p>CONCURSO.<\/p>\n<p>ARTICULO 59\u00b0.-El Regente\/Secretario Acad\u00e9mico asume por concurso de antecedentes y oposici\u00f3n, en una convocatoria cerrada efectuada a trav\u00e9s del Consejo Acad\u00e9mico y , destinada a los profesores titulares del Instituto que posean como m\u00ednimo una antig\u00fcedad de cinco (05) a\u00f1os en la instituci\u00f3n.<\/p>\n<p><span style=\"color: #339966;\"><strong>Requisitos<\/strong><\/span><\/p>\n<p>Para ser electo Regente se requiere:<\/p>\n<ul>\n<li>Ser Profesor Titular en la Instituci\u00f3n.<\/li>\n<li>Poseer como m\u00ednimo una antig\u00fcedad de cinco (05) a\u00f1os en la instituci\u00f3n<\/li>\n<li>Horario de trabajo turno ma\u00f1ana.<\/li>\n<li>Presentar un Proyecto para desarrollar durante el per\u00edodo de cuatro (4) a\u00f1os.<\/li>\n<li>Presentar Curriculum Vitae.<\/li>\n<\/ul>\n<p><span style=\"color: #339966;\"><strong>Cronograma<\/strong><\/span><\/p>\n<ul>\n<li>Presentaci\u00f3n de Proyectos: 17 y 18 de Agosto de 2021<\/li>\n<li>Reconsideraci\u00f3n: 19 de Agosto<\/li>\n<li>Notificaci\u00f3n de Reconsideraci\u00f3n: 20 de Agosto<\/li>\n<li>Difusi\u00f3n de Proyectos: desde el 23 al 25 de Agosto<\/li>\n<li>Acto eleccionario: 26 de Agosto \u2013 OBLIGATORIO PARA TODO EL PERSONAL DOCENTE &#8211;<\/li>\n<li>Publicaci\u00f3n acto eleccionario: 27 de Agosto<\/li>\n<\/ul>\n","protected":false},"excerpt":{"rendered":"<p>La Rector\u00eda y el Consejo Acad\u00e9mico del Profesorado de Ense\u00f1anza Superior \u201cMonse\u00f1or Dr. Silvino Mart\u00ednez\u201d, se dirige al Personal Docente<\/p>\n","protected":false},"author":3,"featured_media":12864,"comment_status":"closed","ping_status":"closed","sticky":false,"template":"","format":"standard","meta":{"_acf_changed":false,"_seopress_robots_primary_cat":"none","_seopress_titles_title":"","_seopress_titles_desc":"","_seopress_robots_index":"","colormag_page_container_layout":"default_layout","colormag_page_sidebar_layout":"default_layout","footnotes":""},"categories":[5],"tags":[],"class_list":["post-40488","post","type-post","status-publish","format-standard","has-post-thumbnail","hentry","category-ofrecimientos"],"acf":[],"_links":{"self":[{"href":"https:\/\/vocesparalelas.com.ar\/sitio\/wp-json\/wp\/v2\/posts\/40488","targetHints":{"allow":["GET"]}}],"collection":[{"href":"https:\/\/vocesparalelas.com.ar\/sitio\/wp-json\/wp\/v2\/posts"}],"about":[{"href":"https:\/\/vocesparalelas.com.ar\/sitio\/wp-json\/wp\/v2\/types\/post"}],"author":[{"embeddable":true,"href":"https:\/\/vocesparalelas.com.ar\/sitio\/wp-json\/wp\/v2\/users\/3"}],"replies":[{"embeddable":true,"href":"https:\/\/vocesparalelas.com.ar\/sitio\/wp-json\/wp\/v2\/comments?post=40488"}],"version-history":[{"count":1,"href":"https:\/\/vocesparalelas.com.ar\/sitio\/wp-json\/wp\/v2\/posts\/40488\/revisions"}],"predecessor-version":[{"id":40490,"href":"https:\/\/vocesparalelas.com.ar\/sitio\/wp-json\/wp\/v2\/posts\/40488\/revisions\/40490"}],"wp:featuredmedia":[{"embeddable":true,"href":"https:\/\/vocesparalelas.com.ar\/sitio\/wp-json\/wp\/v2\/media\/12864"}],"wp:attachment":[{"href":"https:\/\/vocesparalelas.com.ar\/sitio\/wp-json\/wp\/v2\/media?parent=40488"}],"wp:term":[{"taxonomy":"category","embeddable":true,"href":"https:\/\/vocesparalelas.com.ar\/sitio\/wp-json\/wp\/v2\/categories?post=40488"},{"taxonomy":"post_tag","embeddable":true,"href":"https:\/\/vocesparalelas.com.ar\/sitio\/wp-json\/wp\/v2\/tags?post=40488"}],"curies":[{"name":"wp","href":"https:\/\/api.w.org\/{rel}","templated":true}]}}