{"id":40479,"date":"2021-08-05T23:36:14","date_gmt":"2021-08-06T02:36:14","guid":{"rendered":"http:\/\/vocesparalelas.com.ar\/sitio\/?p=40479"},"modified":"2021-08-05T23:36:14","modified_gmt":"2021-08-06T02:36:14","slug":"aprobaron-el-convenio-para-mejorar-el-hospital-de-barreal-y-expropiacion-para-construir-el-barrio-el-tambolar","status":"publish","type":"post","link":"https:\/\/vocesparalelas.com.ar\/sitio\/aprobaron-el-convenio-para-mejorar-el-hospital-de-barreal-y-expropiacion-para-construir-el-barrio-el-tambolar\/","title":{"rendered":"Aprobaron el convenio para mejorar el Hospital de Barreal y expropiaci\u00f3n para construir el Barrio \u201cEl Tambolar\u201d"},"content":{"rendered":"<div class=\"itemFullText jbintrotext\">\n<p>En el marco del desarrollo de la Novena Sesi\u00f3n del periodo ordinario, la C\u00e1mara de Diputados ratific\u00f3 un convenio para realizar mejoras edilicias en el Hospital de Barreal, tanto en el Sector COVID como en la zona de ingreso de Urgencias al establecimiento. Por otro lado, aprob\u00f3 la expropiaci\u00f3n de un inmueble ubicado en el departamento Calingasta para la construcci\u00f3n del Barrio \u201cEl Tambolar\u201d.<\/p>\n<\/div>\n<div class=\"itemFullText\">\n<p>Asimismo, fue debatido y aprobado sobre tablas un proyecto de Comunicaci\u00f3n remitido por el Interbloque Con Vos,\u00a0 sobre el que en la reuni\u00f3n de Labor Parlamentaria de este martes 3 de agosto, el propio vicegobernador Roberto Gattoni junto a los legisladores del bloque Justicialista hab\u00eda solicitado su tratamiento sobre tablas para la presente sesi\u00f3n. Esta comunicaci\u00f3n requiere al Poder Ejecutivo, a trav\u00e9s de los organismos que correspondan, informe a esta C\u00e1mara de Diputados sobre la contrataci\u00f3n de vacunas Sputnik V por parte de la provincia de San Juan.<\/p>\n<p>Adem\u00e1s, el cuerpo legislativo sancion\u00f3 diversos proyectos de Ley presentados por el Poder Ejecutivo referidos al fortalecimiento del Sistema de Gesti\u00f3n Integral de Residuos S\u00f3lidos Urbanos de Calingasta; \u00a0la designaci\u00f3n del chalet \u201cGonz\u00e1lez Rodr\u00edguez\u201d como Monumento Hist\u00f3rico Art\u00edstico; la continuidad de la asistencia financiera en los servicios de Transporte P\u00fablico Automotor Urbano; la ratificaci\u00f3n del convenio para otorgar subsidios para la compra de maquinarias, herramientas y materiales; y la implementaci\u00f3n del \u00abProtocolo de Actuaci\u00f3n del Plan de Uso Compasivo Ampliado\u201d.<\/p>\n<p>Por \u00faltimo, la C\u00e1mara declar\u00f3 de inter\u00e9s la XIX Jornada Provincial de Profesionales de Ciencias Econ\u00f3micas y las actividades que se desarrollar\u00e1n en el marco del 137\u00ba aniversario de la creaci\u00f3n del departamento Pocito.<\/p>\n<p>Cabe se\u00f1alar que el proyecto de Ley sobre el financiamiento del \u201cPrograma de Desarrollo de Infraestructura de Transporte de Datos\u201d fue remitido para su tratamiento en comisiones.<\/p>\n<p>La sesi\u00f3n fue conducida por el vicepresidente primero de la C\u00e1mara, diputado Eduardo Cabello, quien estuvo acompa\u00f1ado desde el sitial de presidencia por los secretarios Legislativo, Nicol\u00e1s Alvo, y Administrativo, Roberto Iglesias<\/p>\n<p><span style=\"color: #800080;\"><strong>Convenio para mejorar el Hospital de Barreal<\/strong><\/span><\/p>\n<p>Durante la sesi\u00f3n, el parlamentario Jorge Barifusa explic\u00f3 la fundamentaci\u00f3n del mensaje n\u00ba 71 del Poder Ejecutivo el cual result\u00f3 aprobado por el cuerpo legislativo y consta de un convenio Marco de Colaboraci\u00f3n por Obras de Mejoramiento Edilicio Sector COVID y Sector de Urgencias Hospital de Barreal \u2014 Ministerio de Salud P\u00fablica de la Provincia de San Juan y Anexo I \u00abMejoramiento Edilicio Sector Covid \u2014 Hospital de Barreal\u201d. Dicho acuerdo fue suscripto el 3 de septiembre de 2020, entre el Juan Sebasti\u00e1n Molina, en su car\u00e1cter de Director del Hospital de Barreal; y la empresa Glencore Pach\u00f3n S.A., representada por el \u00a0Jorge Sausset y Guillermo Olguin en car\u00e1cter de apoderados<\/p>\n<p>Durante su alocuci\u00f3n, el legislador manifest\u00f3 que \u201cel objeto principal del convenio es la materializaci\u00f3n de obras de mejoras edilicias tanto en el Sector COVID del Hospital de Barreal como en la zona de ingreso de Urgencias al establecimiento, en el marco de la pandemia, dada su importancia para hacer frente a la situaci\u00f3n epidemiolog\u00eda que vivimos actualmente. La tareas a ejecutar requieren de una financiaci\u00f3n $3.370.675 (pesos tres millones trescientos setenta mil seiscientos setenta y cinco)\u201d.<\/p>\n<p><span style=\"color: #800080;\"><strong>Expropiaci\u00f3n de inmueble para el Barrio \u201cEl Tambolar\u201d<\/strong><\/span><\/p>\n<p>Tras la presentaci\u00f3n de los argumentos realizada por el diputado Mario Romero como miembro informante, el cuerpo legislativo aprob\u00f3 el mensaje n\u00ba59 del Poder Ejecutivo que declara de utilidad p\u00fablica y sujeto de expropiaci\u00f3n el inmueble ubicado en el departamento Calingasta, conforme a la Ley General de Expropiaciones N\u00b0 1000-A.<\/p>\n<p>Durante su alocuci\u00f3n el legislador Romero se\u00f1al\u00f3 que la parcela a expropiar ser\u00e1 destinada a la construcci\u00f3n el Barrio El Tambolar y est\u00e1 ubicada sobre Ruta Nacional N\u00b0 149 S\/N (ex Ruta Provincial N\u00b0 12),\u00a0 a nombre de Autom\u00f3vil Club Argentino (A.C.A.).\u00a0 Por otro lado, aclar\u00f3 que la norma prev\u00e9 en su art\u00edculo n\u00ba 3 que el tr\u00e1mite judicial de expropiaci\u00f3n tramitar\u00e1 por las normas del proceso urgente, de conformidad con lo que establece el art\u00edculo 30 de la Ley N\u00b0 1000-A. Ello, en consideraci\u00f3n a que la consecuci\u00f3n de los inmuebles y el emprendimiento de la obra del Barrio El Tambolar, requiere r\u00e1pida concreci\u00f3n, pues ello ser\u00e1 directamente ligado a la modificaci\u00f3n de gran envergadura de la obra hidroel\u00e9ctrica Presa El Tambolar que se encuentra en plena ejecuci\u00f3n, debiendo realizarse todo en razonable armon\u00eda.<\/p>\n<p><span style=\"color: #800080;\"><strong>Pedido de informe sobre la adquisici\u00f3n de vacunas Sputnik V<\/strong><\/span><\/p>\n<p>Por otra parte, el cuerpo legislativo aprob\u00f3 un proyecto de Comunicaci\u00f3n remitido por Interbloque Con Vos vinculado a la adquisici\u00f3n de vacunas Sputnik V en el marco de la pandemia de Covid-19. El miembro informante de este asunto fue el diputado Sergio Miodowsky, quien en la ocasi\u00f3n coment\u00f3 \u201chace un par de d\u00edas nos enteramos por medios nacionales y provinciales de esta noticia, seguramente desde el gobierno provincial se dieron explicaciones al respecto y por eso es que presentamos en esta oportunidad un pedido de informe para saber los detalles de esta operaci\u00f3n frustrada de vacunas por un monto de 18 millones de euros y que toda la poblaci\u00f3n sepa qu\u00e9 pas\u00f3. Desde el primer d\u00eda de la pandemia acompa\u00f1amos en las medidas que tom\u00f3 la provincia y a pesar de no haber sido comunicada esta decisi\u00f3n a esta C\u00e1mara siempre hemos apoyado y acompa\u00f1ado la compra de vacunas para nuestra poblaci\u00f3n\u201d.<\/p>\n<p>Por su parte, el legislador Juan Carlos Abarca manifest\u00f3 \u201cnos parece v\u00e1lida la presentaci\u00f3n del pedido de informe de su bloque y nos sirve a todos como sanjuaninos. Antes, quisiera destacar que la provincia tambi\u00e9n ha mostrado una firme decisi\u00f3n pol\u00edtica en la disposici\u00f3n para priorizar siempre la salud de todos los sanjuaninos. En primer lugar, nosotros como diputados votamos un presupuesto y cuando lo aprobamos le damos las herramientas necesarias para que cada uno de los ministerios resuelva y pueda hacer sus compras o sus obras que est\u00e1n autorizadas desde ac\u00e1 desde el Poder Legislativo. M\u00e1s all\u00e1 de eso, creemos que esta compra de vacunas que la provincia hab\u00eda pedido y que prioriz\u00f3, tambi\u00e9n la realizaron en otras provincias\u00a0 como Jujuy, Mendoza, C\u00f3rdoba, Buenos Aires, y todas fueron fallidas. Quiero darles tranquilidad no solamente al miembro de nuestra C\u00e1mara sino a todos los sanjuaninos, porque para hacer esta compra se hac\u00eda un dep\u00f3sito en uno de los principales Bancos y ese dep\u00f3sito es en garant\u00eda hasta que se recibieran las vacunas en nuestra provincia. Como las vacunas no se han recibido, esta compra queda totalmente fallida y los recursos vuelven nuevamente a las arcas provinciales. Esto es muy importante y quiero destacar tambi\u00e9n que San Juan ha priorizado el tema de la salud ante todo, m\u00e1s all\u00e1 de exponer todos los procedimientos de la compra que se van entregar por escrito como lo ha solicitado este pedido de informe que permitir\u00e1 mostrar a la provincia la transparencia que tiene en cada uno de sus actos administrativos para poder seguir avanzando por un futuro mejor para todos. Nosotros no hacemos pol\u00edtica con vacunas, sino que tenemos una pol\u00edtica de salud que cuida a cada sanjuanino y sanjuanina que habita en esta querida provincia\u201d.<\/p>\n<p>En este sentido la Comunicaci\u00f3n aprobada solicita al Poder Ejecutivo Provincial, a trav\u00e9s de los organismos que correspondan en un plazo de cinco (5) d\u00edas h\u00e1biles, informe a esta C\u00e1mara de Diputados sobre:<\/p>\n<p>1. La fecha en que se llev\u00f3 a cabo la contrataci\u00f3n de un mill\u00f3n de vacunas Sputnik V.<\/p>\n<p>2. Se acompa\u00f1e copia certificada del instrumento jur\u00eddico que dio origen a dicha operaci\u00f3n.<\/p>\n<p>3. Si el gobierno de la Provincia de San Juan, se contact\u00f3 con otras Empresas y\/o Laboratorios a los fines de poder comprar otros tipos de vacunas, en caso afirmativo informar cuales.<\/p>\n<p>4. Cu\u00e1les fueron las razones, por las que el Gobierno de la Provincia decidi\u00f3 la compra de las vacunas Sputnik V.<\/p>\n<p>5. Cu\u00e1les fueron los motivos por los que el Gobierno de la Provincia de San Juan no dio publicidad a la mencionada compra de vacunas.<\/p>\n<p>6. Cu\u00e1les fueron las razones por las que la compra de vacunas fracas\u00f3, e informe la fecha en la cual se rescindi\u00f3 el mencionado contrato.<\/p>\n<p>7. Cu\u00e1l fue el monto total de la operaci\u00f3n.<\/p>\n<p>8. Si en la mencionada operaci\u00f3n se pagaron gastos de comisi\u00f3n, en su caso a quien y el monto del mismo.<\/p>\n<p>9. Si la Provincia de San Juan ya recuper\u00f3 el monto oportunamente depositado (supuestamente 18 millones de euros), en caso negativo, se informe la fecha aproximada del recupero.<\/p>\n<p>10. Se informe cu\u00e1l es el monto definitivo que se recuper\u00f3 por parte de la Provincia.<\/p>\n<p><span style=\"color: #800080;\"><strong>Implementaci\u00f3n del \u00abProtocolo de Actuaci\u00f3n del Plan de Uso Compasivo Ampliado\u201d<\/strong><\/span><\/p>\n<p>Tambi\u00e9n, los diputados y diputadas ratificaron un convenio de Prestaci\u00f3n de Servicio para la Implementaci\u00f3n del \u00abProtocolo de Actuaci\u00f3n Destinado Facilitar la Indicaci\u00f3n del Plan de Uso Compasivo Ampliado (UCA) de Medicamentos en Enfermedades Pand\u00e9micas\u201d con motivo de la emergencia sanitaria COVID-19\u00bb. Cabe se\u00f1alar que el acuerdo fue suscripto el 18 de marzo del 2021, entre el Ministerio de Salud P\u00fablica, representado por la ministra Silvia Alejandra Venerando, y la firma Qu\u00edmica Luar SRL, representada por su Socio Gerente, Luis Alberto Arga\u00f1aras.<\/p>\n<p>La explicaci\u00f3n de este asunto estuvo a cargo del legislador Gustavo Rodr\u00edguez como miembro informante. En la ocasi\u00f3n, sostuvo que esta iniciativa apunta a la recuperaci\u00f3n de pacientes diagnosticados con COVID-19 positivos tratados en instituciones de salud p\u00fablicas y privadas habilitadas en la Provincia de San Juan. En este sentido, el laboratorio implicado en el acuerdo se compromete a prestar el servicio de coordinaci\u00f3n de las actividades derivadas de la ejecuci\u00f3n del Plan que incluye: i) 2000 (dos mil) tratamientos. ii) Entrenamiento y soporte para el uso del kit de tratamiento; iii) Asistencia para el manejo de datos de seguridad; iv) Provisi\u00f3n de kits de tratamiento: y y) Provisi\u00f3n del equipamiento necesario para uso del kit y control de paciente.<\/p>\n<p>Por otro lado, el diputado dijo que en el convenio se establece que \u201cla provisi\u00f3n de los kits se efectuar\u00e1 a demanda del Ministerio de Salud y ser\u00e1n entregadas por el Laboratorio en el centro de salud que el Ministerio indique en cada caso. Los pedidos se instrumentar\u00e1n mediante una orden de entrega que deber\u00e1 realizarse conforme a las previsiones del Plan. Un tratamiento incluye 25 unidades de Luarprofeno\/lbuprofeno en soluci\u00f3n de cloruro de sodio, en frasco. Cada 10 tratamientos se proveer\u00e1 1 escafandra, dispositivo de flujo controlado para nebulizaci\u00f3n de pacientes con patolog\u00eda infecciosa. El valor de cada tratamiento es de $ 8.000 (pesos ocho mil) m\u00e1s el Impuesto al Valor Agregado (IVA). De esta manera el Ministerio abonar\u00e1 la facturaci\u00f3n presentada por el Laboratorio Qu\u00edmica Luar \u00a0en donde constar\u00e1n los tratamientos requeridos y efectivamente entregados\u201d.<\/p>\n<p><span style=\"color: #800080;\"><strong>Continuidad de asistencia financiera en los servicios de Transporte P\u00fablico Automotor Urbano<\/strong><\/span><\/p>\n<p>Despu\u00e9s, los legisladores y legisladoras aprobaron la Adenda II al Convenio suscripto entre el Ministerio de Transporte de la Naci\u00f3n, representado por la Secretar\u00eda de Articulaci\u00f3n Interjurisdiccional, Marcela Fabiana Passo, y el Gobierno de la Provincia de San Juan representado por la ministra de Gobierno, Ana Fabiola Aubone.<\/p>\n<p>Este asunto fue fundamentado por el diputado Jos\u00e9 Luis Esteve, quien explic\u00f3 que el objetivo del acuerdo consiste en continuar otorgando asistencia financiera para los servicios de Transporte P\u00fablico Automotor Urbano, a trav\u00e9s del denominado fondo compensador. En este sentido, a\u00f1adi\u00f3 que la Naci\u00f3n se compromete a trasferir a la Provincia de San Juan las acreencias liquidadas en el marco de la compensaci\u00f3n establecida en el art\u00edculo 125 de la Ley 27.467, el cual ha sido prorrogado por el art\u00edculo 72 de la Ley N\u00ba 27.591, las que ascienden a la suma total de pesos ciento cinco millones con 00\/100 ($105.000.000.00) y pagaderos en 2 cuotas: 1\u00b0 Cuota pesos cincuenta y dos millones quinientos mil con 00\/100 ($52.500.000) y 2\u00b0 Cuota pesos cincuenta y dos millones quinientos mil con 00\/100 ($52.500.000), pagaderas en los meses de Abril a Mayo de 2021.<\/p>\n<p><span style=\"color: #800080;\"><strong>Convenio para otorgar subsidios para la compra de maquinarias, herramientas y materiales<\/strong><\/span><\/p>\n<p>M\u00e1s tarde, la C\u00e1mara ratific\u00f3 el convenio celebrado entre la Secretar\u00eda de Articulaci\u00f3n de Pol\u00edtica Social del Ministerio de Desarrollo Social de la Naci\u00f3n y el Gobierno do la Provincia de San Juan. En esta oportunidad, el legislador Juan Carlos Abarca fundament\u00f3 este asunto como miembro informante e indic\u00f3 que tiene como objeto otorgar un subsidio institucional a fin de ser destinado a la compra de maquinarias, herramientas y materiales, necesarios para la puesta en marcha e implementaci\u00f3n de Proyectos Productivos o de Servicios presentados por el gobierno provincial, de acuerdo a lo establecido en el Plan de Actividades que se ejecuta en el marco del Programa Nacional \u00abBanco de Maquinarias, Herramientas y Materiales para la Emergencia Social\u00bb.<\/p>\n<p>En este sentido inform\u00f3 que el monto que proporcionar\u00e1 el Ministerio ser\u00e1 de car\u00e1cter no reintegrable y consta de un total de pesos veinticinco millones ciento un mil novecientos sesenta y cuatro con 31\/100 ($ 25.101.964,31.-).<\/p>\n<p><span style=\"color: #800080;\"><strong>Fortalecimiento del Sistema de Gesti\u00f3n Integral de Residuos S\u00f3lidos Urbanos de Calingasta<\/strong><\/span><\/p>\n<p>Luego, el parlamentario Sim\u00f3n Ortiz fue el encargado de fundamentar el convenio Marco de Cooperaci\u00f3n y Acta Complementaria, suscriptos el 2 de febrero de 2021, entre la Secretar\u00eda de Estado de Ambiente y Desarrollo Sustentable, la empresa Glencore Pach\u00f3n S. A., y la Municipalidad de Calingasta.<\/p>\n<p>Este asunto result\u00f3 aprobado por la C\u00e1mara y tiene como objeto prestar colaboraci\u00f3n y asistencia t\u00e9cnica y\/o financiera a fin de lograr la conformaci\u00f3n de una mesa de trabajo conjunto, que favorezca el desarrollo y la implementaci\u00f3n de acciones que fortalezcan el sistema de Gesti\u00f3n Integral de Residuos S\u00f3lidos Urbanos de Calingasta.<\/p>\n<p><span style=\"color: #800080;\"><strong>Designaci\u00f3n del chalet \u201cGonz\u00e1lez Rodr\u00edguez\u201d como Monumento Hist\u00f3rico Art\u00edstico<\/strong><\/span><\/p>\n<p>Por otro lado, \u00a0el Poder Legislativo aprob\u00f3 el mensaje n\u00ba 67 del Poder Ejecutivo cuyos argumentos fueron explicados por el diputado Silvio Atencio. En este sentido, la C\u00e1mara declar\u00f3 \u00a0Bien integrante del Patrimonio Cultural y Natural de la Provincia de San Juan, dentro de los alcances de la Ley Provincial N\u00ba 571-F, al chalet \u00abGonz\u00e1lez Rodr\u00edguez\u00bb ubicado en calle General Acha y Avenida Circunvalaci\u00f3n, Capital, provincia de San Juan. Asimismo, design\u00f3 este lugar como Monumento Hist\u00f3rico Art\u00edstico en los t\u00e9rminos del art\u00edculo 4\u00b0, inciso A) apartado 2) de dicha ley, que expresa lo siguiente:<\/p>\n<p>\u201cARTICULO 4\u00ba.- Sin perjuicio de los bienes muebles o inmuebles, ya declarados por ley, integrantes del Patrimonio Cultural y Natural de la Provincia, los que se considerar\u00e1n incluidos dentro del r\u00e9gimen establecido en la presente ley, a partir de su publicaci\u00f3n, estar\u00e1n sujetos a la calificaci\u00f3n establecida en el art\u00edculo 2\u00ba de la presente ley, los siguientes bienes, que deber\u00e1n ser declarados conforme a la categorizaci\u00f3n que sigue:<\/p>\n<p>A) MONUMENTO NATURAL E HIST\u00d3RICO PROVINCIAL:<\/p>\n<p>2) MONUMENTO HIST\u00d3RICO ART\u00cdSTICO: Son los bienes muebles o inmuebles, que revisten relevante valor est\u00e9tico, y cuya conservaci\u00f3n es de p\u00fablico inter\u00e9s.\u201d<\/p>\n<p>En el transcurso de su exposici\u00f3n, el legislador Atencio sostuvo que el Chalet reviste caracter\u00edsticas est\u00e9ticas e hist\u00f3ricas realmente dignas de preservar como parte del acervo cultural de San Juan. Adem\u00e1s, coment\u00f3 que \u201cConsiste en una gran casona de dos pisos con columnas y vigas de madera oscura. A la vista sus tejados empinados expresan su majestuosidad arquitect\u00f3nica imperante, con un estilo neo Tudor, cuyas ra\u00edces est\u00e1n en la Dinast\u00eda Tudor que gobernaba Inglaterra entre 1485 y 1603, este modelo era muy usado en aldeas rurales por grupos sociales adinerados. Vale agregar que el interior est\u00e1 en perfecto estado de conservaci\u00f3n: pisos de parqu\u00e9 relucientes madera lustrada de escaleras y de paredes a modo de ejemplo, imponentes jardines inmensa cantidad de flores de colores. Desde el punto de vista hist\u00f3rico la casa fue construida en 1932 por la familia Pujol. Unos meses despu\u00e9s del terremoto del 44, la adquiere el doctor Gonz\u00e1lez, quien atend\u00eda a sus pacientes en una da las salas, y fue el pionero en el estudio del c\u00e1ncer en la provincia, fundador del segundo Dispensario Anticanceroso del pa\u00eds\u201d.<\/p>\n<p><span style=\"color: #800080;\"><strong>Resoluciones<\/strong><\/span><\/p>\n<p>Por \u00faltimo, la C\u00e1mara otorg\u00f3 acuerdo a los siguientes proyectos de Resoluci\u00f3n que declararon de inter\u00e9s:<\/p>\n<ul>\n<li>Social, Cultural y Educativo la participaci\u00f3n de j\u00f3venes sanjuaninos en la XIX Jornada Provincial de Profesionales de Ciencias Econ\u00f3micas, comprendiendo dos d\u00edas de capacitaci\u00f3n y formaci\u00f3n en forma virtual. (diputado Gast\u00f3n Berenguer)<\/li>\n<li>Social, Cultural,\u00a0 e Hist\u00f3rico, las actividades que se desarrollan el 9 de agosto por el 137\u00ba aniversario de la creaci\u00f3n del departamento Pocito. (diputada Marcela Monti).<\/li>\n<\/ul>\n<\/div>\n","protected":false},"excerpt":{"rendered":"<p>En el marco del desarrollo de la Novena Sesi\u00f3n del periodo ordinario, la C\u00e1mara de Diputados ratific\u00f3 un convenio para<\/p>\n","protected":false},"author":3,"featured_media":40481,"comment_status":"closed","ping_status":"closed","sticky":false,"template":"","format":"standard","meta":{"_acf_changed":false,"_seopress_robots_primary_cat":"none","_seopress_titles_title":"","_seopress_titles_desc":"","_seopress_robots_index":"","colormag_page_container_layout":"default_layout","colormag_page_sidebar_layout":"default_layout","footnotes":""},"categories":[1],"tags":[],"class_list":["post-40479","post","type-post","status-publish","format-standard","has-post-thumbnail","hentry","category-destacadas"],"acf":[],"_links":{"self":[{"href":"https:\/\/vocesparalelas.com.ar\/sitio\/wp-json\/wp\/v2\/posts\/40479","targetHints":{"allow":["GET"]}}],"collection":[{"href":"https:\/\/vocesparalelas.com.ar\/sitio\/wp-json\/wp\/v2\/posts"}],"about":[{"href":"https:\/\/vocesparalelas.com.ar\/sitio\/wp-json\/wp\/v2\/types\/post"}],"author":[{"embeddable":true,"href":"https:\/\/vocesparalelas.com.ar\/sitio\/wp-json\/wp\/v2\/users\/3"}],"replies":[{"embeddable":true,"href":"https:\/\/vocesparalelas.com.ar\/sitio\/wp-json\/wp\/v2\/comments?post=40479"}],"version-history":[{"count":1,"href":"https:\/\/vocesparalelas.com.ar\/sitio\/wp-json\/wp\/v2\/posts\/40479\/revisions"}],"predecessor-version":[{"id":40482,"href":"https:\/\/vocesparalelas.com.ar\/sitio\/wp-json\/wp\/v2\/posts\/40479\/revisions\/40482"}],"wp:featuredmedia":[{"embeddable":true,"href":"https:\/\/vocesparalelas.com.ar\/sitio\/wp-json\/wp\/v2\/media\/40481"}],"wp:attachment":[{"href":"https:\/\/vocesparalelas.com.ar\/sitio\/wp-json\/wp\/v2\/media?parent=40479"}],"wp:term":[{"taxonomy":"category","embeddable":true,"href":"https:\/\/vocesparalelas.com.ar\/sitio\/wp-json\/wp\/v2\/categories?post=40479"},{"taxonomy":"post_tag","embeddable":true,"href":"https:\/\/vocesparalelas.com.ar\/sitio\/wp-json\/wp\/v2\/tags?post=40479"}],"curies":[{"name":"wp","href":"https:\/\/api.w.org\/{rel}","templated":true}]}}