{"id":40471,"date":"2021-08-05T22:34:30","date_gmt":"2021-08-06T01:34:30","guid":{"rendered":"http:\/\/vocesparalelas.com.ar\/sitio\/?p=40471"},"modified":"2021-08-08T19:46:14","modified_gmt":"2021-08-08T22:46:14","slug":"se-implemento-qr-para-acceder-a-todos-los-contenidos-y-actividades-educativas-no-formal","status":"publish","type":"post","link":"https:\/\/vocesparalelas.com.ar\/sitio\/se-implemento-qr-para-acceder-a-todos-los-contenidos-y-actividades-educativas-no-formal\/","title":{"rendered":"Se implement\u00f3 QR para acceder a todos los contenidos y actividades educativas no formal"},"content":{"rendered":"<p>El Centro de Innovaci\u00f3n Educativa Tecnol\u00f3gica, propuesta educativa no formal que estimula y potencia habilidades y competencias de los chicos de 6 a 18 a\u00f1os, implement\u00f3 el c\u00f3digo QR para que docentes, estudiantes y la comunidad pueda acceder a las diferentes actividades y contenidos.<\/p>\n<p>A trav\u00e9s de talleres, laboratorios, proyectos y el trabajo de especialistas en nuevas tecnolog\u00edas, el Centro de Innovaci\u00f3n propone crear entornos de aprendizaje donde la creatividad es la protagonista. IxD, brinda todas las herramientas que les permitan a los chicos experimentar, concretar ideas y proyectos a trav\u00e9s de actividades l\u00fadicas y recreativas.<\/p>\n<p>IxD cuenta con laboratorios en ciencias, artes, fabricaci\u00f3n y multimedia, estos espacios de aprendizaje, proponen que los chicos puedan desarrollar habilidades blandas como la empat\u00eda, el trabajo en equipo, la autonom\u00eda, la tolerancia al fracaso y el pensamiento cr\u00edtico, mientras crean proyectos de base tecnol\u00f3gica.<\/p>\n<p>IxD San Juan a trav\u00e9s del QR posibilita accede a un archivo en formato PDF (A4) para conocer y utilizando todos los contenidos del centro, redes sociales, tutoriales, inscripciones a talleres, canal de YouTube y contacto para consultas.<\/p>\n<p>&nbsp;<\/p>\n<p>&nbsp;<\/p>\n","protected":false},"excerpt":{"rendered":"<p>El Centro de Innovaci\u00f3n Educativa Tecnol\u00f3gica, propuesta educativa no formal que estimula y potencia habilidades y competencias de los chicos<\/p>\n","protected":false},"author":3,"featured_media":40473,"comment_status":"closed","ping_status":"closed","sticky":false,"template":"","format":"standard","meta":{"_acf_changed":false,"_seopress_robots_primary_cat":"none","_seopress_titles_title":"","_seopress_titles_desc":"","_seopress_robots_index":"","colormag_page_container_layout":"default_layout","colormag_page_sidebar_layout":"default_layout","footnotes":""},"categories":[5],"tags":[],"class_list":["post-40471","post","type-post","status-publish","format-standard","has-post-thumbnail","hentry","category-ofrecimientos"],"acf":[],"_links":{"self":[{"href":"https:\/\/vocesparalelas.com.ar\/sitio\/wp-json\/wp\/v2\/posts\/40471","targetHints":{"allow":["GET"]}}],"collection":[{"href":"https:\/\/vocesparalelas.com.ar\/sitio\/wp-json\/wp\/v2\/posts"}],"about":[{"href":"https:\/\/vocesparalelas.com.ar\/sitio\/wp-json\/wp\/v2\/types\/post"}],"author":[{"embeddable":true,"href":"https:\/\/vocesparalelas.com.ar\/sitio\/wp-json\/wp\/v2\/users\/3"}],"replies":[{"embeddable":true,"href":"https:\/\/vocesparalelas.com.ar\/sitio\/wp-json\/wp\/v2\/comments?post=40471"}],"version-history":[{"count":1,"href":"https:\/\/vocesparalelas.com.ar\/sitio\/wp-json\/wp\/v2\/posts\/40471\/revisions"}],"predecessor-version":[{"id":40474,"href":"https:\/\/vocesparalelas.com.ar\/sitio\/wp-json\/wp\/v2\/posts\/40471\/revisions\/40474"}],"wp:featuredmedia":[{"embeddable":true,"href":"https:\/\/vocesparalelas.com.ar\/sitio\/wp-json\/wp\/v2\/media\/40473"}],"wp:attachment":[{"href":"https:\/\/vocesparalelas.com.ar\/sitio\/wp-json\/wp\/v2\/media?parent=40471"}],"wp:term":[{"taxonomy":"category","embeddable":true,"href":"https:\/\/vocesparalelas.com.ar\/sitio\/wp-json\/wp\/v2\/categories?post=40471"},{"taxonomy":"post_tag","embeddable":true,"href":"https:\/\/vocesparalelas.com.ar\/sitio\/wp-json\/wp\/v2\/tags?post=40471"}],"curies":[{"name":"wp","href":"https:\/\/api.w.org\/{rel}","templated":true}]}}