{"id":40463,"date":"2021-08-05T12:40:27","date_gmt":"2021-08-05T15:40:27","guid":{"rendered":"http:\/\/vocesparalelas.com.ar\/sitio\/?p=40463"},"modified":"2021-08-07T13:20:53","modified_gmt":"2021-08-07T16:20:53","slug":"los-docentes-deben-reintegrarse-a-su-lugar-de-trabajo","status":"publish","type":"post","link":"https:\/\/vocesparalelas.com.ar\/sitio\/los-docentes-deben-reintegrarse-a-su-lugar-de-trabajo\/","title":{"rendered":"Los docentes deben reintegrarse a su lugar de trabajo"},"content":{"rendered":"<p>Por Decreto del Poder Ejecutivo del Gobierno de San Juan, los docentes de todos los niveles y modalidades de gesti\u00f3n p\u00fablica y privada y los profesionales de Gabinetes T\u00e9cnicos Interdisciplinarios del Ministerio de Educaci\u00f3n deben reintegrarse a prestar tareas en forma presencial, en su lugar de trabajo.<\/p>\n<p>Estableciendo que si estando en vigencia el Decreto Acuerdo, no transcurrieron los catorce (14) d\u00edas de la aplicaci\u00f3n de la segunda dosis de la vacuna contra COVID-19, deben esperar a ser vacunados y deben presentarse al d\u00eda siguiente de haberse cumplido los catorce (14) d\u00edas corridos desde la aplicaci\u00f3n de la segunda dosis.<\/p>\n<p>Los educadores que por causa externa a su voluntad, no recibieron la segunda dosis de cualquiera de las vacunas destinadas a generar inmunidad adquirida contra el COVID-19, deben solicitar la justificaci\u00f3n de inasistencia mediante la presentaci\u00f3n del correspondiente carnet de vacunaci\u00f3n, a trav\u00e9s de la Divisi\u00f3n Personal Docente, hasta la efectiva inoculaci\u00f3n de la segunda dosis. Una vez transcurridos los 14 d\u00edas de ser vacunado tienen que presentarse a cumplir funciones. En caso que el docente no se presente se le descontar\u00e1n los d\u00edas injustificados.<\/p>\n<p>La presentaci\u00f3n de la licencia en la Divisi\u00f3n Personal Docente del Ministerio de Educaci\u00f3n, es suficiente para el inicio del procedimiento de designaci\u00f3n del suplente del docente justificado.<\/p>\n<p>Los docentes que fueron convocados para ser vacunados y no se presentaron a recibir la vacuna, deben justificar, mediante declaraci\u00f3n jurada, cu\u00e1l fue el motivo porque no se vacunaron. Si es justificado, continuar\u00e1n con la dispensa; en caso contrario, se tendr\u00e1 que presentar a desempe\u00f1ar sus tareas en forma habitual y presencial. En caso de generarse alguna duda, el Ministerio de Educaci\u00f3n pedir\u00e1 que la justificaci\u00f3n sea certificada por la Junta de Reconocimientos M\u00e9dicos.<\/p>\n<p>Quedan exceptuados de retornar a la actividad presencial, los docentes o el menor a su cargo, que tenga alguna de las siguientes condiciones:<\/p>\n<ol>\n<li>a) Personas con Inmunodeficiencias:<\/li>\n<\/ol>\n<ul>\n<li>Cong\u00e9nita, asplenia funcional o anat\u00f3mica (incluida anemia drepanoc\u00edtica) y desnutrici\u00f3n grave<\/li>\n<li>VIH dependiendo del status (&lt; de 350 CD4 o con carga viral detectable)<\/li>\n<li>Personas con medicaci\u00f3n inmunosupresora o corticoides en altas dosis (mayor a 2 mg\/kg\/d\u00eda de metilprednisona o m\u00e1s de 20 mg\/d\u00eda o su equivalente por m\u00e1s de 14 d\u00edas)<\/li>\n<\/ul>\n<ol>\n<li>b) Pacientes oncol\u00f3gicos y trasplantados:<\/li>\n<\/ol>\n<ul>\n<li>con enfermedad oncohematol\u00f3gica hasta seis meses posteriores a la remisi\u00f3n completa<\/li>\n<li>con tumor de \u00f3rgano s\u00f3lido en tratamiento<\/li>\n<li>trasplantados de \u00f3rganos s\u00f3lidos o de precursores hematopoy\u00e9ticos:<\/li>\n<li>con inmunodeficiencias, oncol\u00f3gicos y\/o trasplantados.<\/li>\n<\/ul>\n<p>Los docentes dispensados no ver\u00e1n afectada la intangibilidad en la percepci\u00f3n de las remuneraciones normales y habituales, como tampoco los adicionales que por ley o convenio les correspondan.<\/p>\n<p>En el supuesto que los dos padres fuesen docentes, solo tendr\u00e1 derecho a la dispensa uno de ellos.<\/p>\n<p>&nbsp;<\/p>\n<p>&nbsp;<\/p>\n<p>&nbsp;<\/p>\n<p>&nbsp;<\/p>\n","protected":false},"excerpt":{"rendered":"<p>Por Decreto del Poder Ejecutivo del Gobierno de San Juan, los docentes de todos los niveles y modalidades de gesti\u00f3n<\/p>\n","protected":false},"author":3,"featured_media":28629,"comment_status":"closed","ping_status":"closed","sticky":false,"template":"","format":"standard","meta":{"_acf_changed":false,"_seopress_robots_primary_cat":"none","_seopress_titles_title":"","_seopress_titles_desc":"","_seopress_robots_index":"","colormag_page_container_layout":"default_layout","colormag_page_sidebar_layout":"default_layout","footnotes":""},"categories":[2],"tags":[],"class_list":["post-40463","post","type-post","status-publish","format-standard","has-post-thumbnail","hentry","category-convocatorias"],"acf":[],"_links":{"self":[{"href":"https:\/\/vocesparalelas.com.ar\/sitio\/wp-json\/wp\/v2\/posts\/40463","targetHints":{"allow":["GET"]}}],"collection":[{"href":"https:\/\/vocesparalelas.com.ar\/sitio\/wp-json\/wp\/v2\/posts"}],"about":[{"href":"https:\/\/vocesparalelas.com.ar\/sitio\/wp-json\/wp\/v2\/types\/post"}],"author":[{"embeddable":true,"href":"https:\/\/vocesparalelas.com.ar\/sitio\/wp-json\/wp\/v2\/users\/3"}],"replies":[{"embeddable":true,"href":"https:\/\/vocesparalelas.com.ar\/sitio\/wp-json\/wp\/v2\/comments?post=40463"}],"version-history":[{"count":1,"href":"https:\/\/vocesparalelas.com.ar\/sitio\/wp-json\/wp\/v2\/posts\/40463\/revisions"}],"predecessor-version":[{"id":40465,"href":"https:\/\/vocesparalelas.com.ar\/sitio\/wp-json\/wp\/v2\/posts\/40463\/revisions\/40465"}],"wp:featuredmedia":[{"embeddable":true,"href":"https:\/\/vocesparalelas.com.ar\/sitio\/wp-json\/wp\/v2\/media\/28629"}],"wp:attachment":[{"href":"https:\/\/vocesparalelas.com.ar\/sitio\/wp-json\/wp\/v2\/media?parent=40463"}],"wp:term":[{"taxonomy":"category","embeddable":true,"href":"https:\/\/vocesparalelas.com.ar\/sitio\/wp-json\/wp\/v2\/categories?post=40463"},{"taxonomy":"post_tag","embeddable":true,"href":"https:\/\/vocesparalelas.com.ar\/sitio\/wp-json\/wp\/v2\/tags?post=40463"}],"curies":[{"name":"wp","href":"https:\/\/api.w.org\/{rel}","templated":true}]}}