{"id":40449,"date":"2021-08-04T21:21:52","date_gmt":"2021-08-05T00:21:52","guid":{"rendered":"http:\/\/vocesparalelas.com.ar\/sitio\/?p=40449"},"modified":"2021-08-05T23:10:23","modified_gmt":"2021-08-06T02:10:23","slug":"notifican-puntaje-a-los-inscriptos-de-zona-alejada-con-la-presencia-de-los-integrantes-de-la-junta-rama-primaria","status":"publish","type":"post","link":"https:\/\/vocesparalelas.com.ar\/sitio\/notifican-puntaje-a-los-inscriptos-de-zona-alejada-con-la-presencia-de-los-integrantes-de-la-junta-rama-primaria\/","title":{"rendered":"Notifican Puntaje a los inscriptos de Zona Alejada con la presencia de los integrantes de la Junta Rama Primaria"},"content":{"rendered":"<p>La Junta de Clasificaci\u00f3n Docente Rama Primaria del Ministerio de Educaci\u00f3n del Gobierno de San Juan informa a los docentes que los miembros de la Junta se trasladan a departamentos alejados de Valle F\u00e9rtil, J\u00e1chal, Calingasta e Iglesia para notificar el puntaje de antecedentes y m\u00e9ritos de los aspirantes que optaron por la valoraci\u00f3n no presencial, correspondiente al concurso de Ingreso a la Docencia a\u00f1o 2022 e Interinatos y Suplencias a\u00f1o 2022, conforme al cronograma complementario y excepcional, que a continuaci\u00f3n se detalla:<\/p>\n<ul>\n<li><span style=\"color: #33cccc;\"><strong>10 de Agosto, Departamento Valle F\u00e9rtil,<\/strong> <\/span>en la Escuela Provincia de Formosa, de 9:30 a 15 horas<\/li>\n<li><span style=\"color: #33cccc;\"><strong>13 de Agosto, Departamento <\/strong><strong>Calingasta,<\/strong><\/span> en la Escuela La Capilla, Localidad de Villa Calingasta, de 9:30 a 12:30 horas<\/li>\n<li><span style=\"color: #33cccc;\"><strong>13 de Agosto, Departamento Calingasta,<\/strong><\/span> en la Escuela Juan Pedro Esnaola, Localidad Barreal, de 13:30 a 16:30 horas<\/li>\n<li><span style=\"color: #33cccc;\"><strong>19 de Agosto, Departamento J\u00e1chal, <\/strong><\/span>en la Escuela Antonio Quaranta, de 9:30 a 15 horas<\/li>\n<li><strong><span style=\"color: #33cccc;\">24 de Agosto, Departamento Iglesia,<\/span> <\/strong>en la Escuela Albergue Rodeo, Localidad Rodeo, de 9:30 a 15 horas<\/li>\n<\/ul>\n<p>&nbsp;<\/p>\n<p>&nbsp;<\/p>\n<p>&nbsp;<\/p>\n","protected":false},"excerpt":{"rendered":"<p>La Junta de Clasificaci\u00f3n Docente Rama Primaria del Ministerio de Educaci\u00f3n del Gobierno de San Juan informa a los docentes<\/p>\n","protected":false},"author":3,"featured_media":31590,"comment_status":"closed","ping_status":"closed","sticky":false,"template":"","format":"standard","meta":{"_acf_changed":false,"_seopress_robots_primary_cat":"none","_seopress_titles_title":"","_seopress_titles_desc":"","_seopress_robots_index":"","colormag_page_container_layout":"default_layout","colormag_page_sidebar_layout":"default_layout","footnotes":""},"categories":[5],"tags":[],"class_list":["post-40449","post","type-post","status-publish","format-standard","has-post-thumbnail","hentry","category-ofrecimientos"],"acf":[],"_links":{"self":[{"href":"https:\/\/vocesparalelas.com.ar\/sitio\/wp-json\/wp\/v2\/posts\/40449","targetHints":{"allow":["GET"]}}],"collection":[{"href":"https:\/\/vocesparalelas.com.ar\/sitio\/wp-json\/wp\/v2\/posts"}],"about":[{"href":"https:\/\/vocesparalelas.com.ar\/sitio\/wp-json\/wp\/v2\/types\/post"}],"author":[{"embeddable":true,"href":"https:\/\/vocesparalelas.com.ar\/sitio\/wp-json\/wp\/v2\/users\/3"}],"replies":[{"embeddable":true,"href":"https:\/\/vocesparalelas.com.ar\/sitio\/wp-json\/wp\/v2\/comments?post=40449"}],"version-history":[{"count":2,"href":"https:\/\/vocesparalelas.com.ar\/sitio\/wp-json\/wp\/v2\/posts\/40449\/revisions"}],"predecessor-version":[{"id":40452,"href":"https:\/\/vocesparalelas.com.ar\/sitio\/wp-json\/wp\/v2\/posts\/40449\/revisions\/40452"}],"wp:featuredmedia":[{"embeddable":true,"href":"https:\/\/vocesparalelas.com.ar\/sitio\/wp-json\/wp\/v2\/media\/31590"}],"wp:attachment":[{"href":"https:\/\/vocesparalelas.com.ar\/sitio\/wp-json\/wp\/v2\/media?parent=40449"}],"wp:term":[{"taxonomy":"category","embeddable":true,"href":"https:\/\/vocesparalelas.com.ar\/sitio\/wp-json\/wp\/v2\/categories?post=40449"},{"taxonomy":"post_tag","embeddable":true,"href":"https:\/\/vocesparalelas.com.ar\/sitio\/wp-json\/wp\/v2\/tags?post=40449"}],"curies":[{"name":"wp","href":"https:\/\/api.w.org\/{rel}","templated":true}]}}