{"id":40446,"date":"2021-08-05T00:00:18","date_gmt":"2021-08-05T03:00:18","guid":{"rendered":"http:\/\/vocesparalelas.com.ar\/sitio\/?p=40446"},"modified":"2021-08-05T00:09:15","modified_gmt":"2021-08-05T03:09:15","slug":"se-desarrolla-la-novena-sesion-del-periodo-ordinario-de-la-camara-de-diputados-de-san-juan","status":"publish","type":"post","link":"https:\/\/vocesparalelas.com.ar\/sitio\/se-desarrolla-la-novena-sesion-del-periodo-ordinario-de-la-camara-de-diputados-de-san-juan\/","title":{"rendered":"Se desarrolla la Novena Sesi\u00f3n del per\u00edodo ordinario de la C\u00e1mara de Diputados de San Juan"},"content":{"rendered":"<div class=\"itemFullText jbintrotext\">\n<p>El Poder Legislativo de San Juan, desarrolla la Novena Sesi\u00f3n del per\u00edodo ordinario, el Jueves, 5 de Agosto, a partir de las 9.30 horas. En la ocasi\u00f3n, aborda diversos proyectos que obtuvieron el visto bueno en la reuni\u00f3n de Labor Parlamentaria.<\/p>\n<\/div>\n<div class=\"itemFullText\">\n<p>En efecto, el orden del d\u00eda est\u00e1 conformado por los siguientes temas a tratar en el recinto:<\/p>\n<ul>\n<li>Expropiaci\u00f3n de inmueble para el Barrio \u201cEl Tambolar\u201d;<\/li>\n<li>Fortalecimiento del Sistema de Gesti\u00f3n Integral de Residuos S\u00f3lidos Urbanos de Calingasta;<\/li>\n<li>Designaci\u00f3n del chalet \u201cGonz\u00e1lez Rodr\u00edguez\u201d como Monumento Hist\u00f3rico Art\u00edstico;<\/li>\n<li>Continuidad de asistencia financiera en los servicios de Transporte P\u00fablico Automotor Urbano;<\/li>\n<li>Convenio para otorgar subsidios para la compra de maquinarias, herramientas y materiales;<\/li>\n<li>Convenio para mejorar el Hospital de Barreal;<\/li>\n<li>Implementaci\u00f3n del \u00abProtocolo de Actuaci\u00f3n del Plan de Uso Compasivo Ampliado\u201d; y<\/li>\n<li>Financiamiento del \u201cPrograma de Desarrollo de Infraestructura de Transporte de Datos\u201d.<\/li>\n<\/ul>\n<p>Asimismo, la C\u00e1mara pone a consideraci\u00f3n dos proyectos de Resoluci\u00f3n referidos a la XIX Jornada Provincial de Profesionales de Ciencias Econ\u00f3micas y al 137\u00ba aniversario de la creaci\u00f3n del departamento Pocito; y un proyecto de Comunicaci\u00f3n Interbloque \u00abCon Vos\u00bb, sobre la contrataci\u00f3n de vacunas Sputnik V.<\/p>\n<p><span style=\"color: #666699;\"><strong>Expropiaci\u00f3n de inmueble para el Barrio \u201cEl Tambolar\u201d<\/strong><\/span><\/p>\n<p>Con despacho favorable de las respectivas comisiones, el cuerpo legislativo tratar\u00e1 un proyecto de Ley presentado por el Poder Ejecutivo, mediante mensaje n\u00ba 59, el cual propone declarar de utilidad p\u00fablica y sujeto de expropiaci\u00f3n el inmueble ubicado en el departamento Calingasta, conforme a la Ley General de Expropiaciones N\u00b0 1000-A.<\/p>\n<p>La parcela a expropiar ser\u00e1 destinada a la construcci\u00f3n el Barrio El Tambolar y est\u00e1 ubicada sobre Ruta Nacional N\u00b0 149 S\/N (ex Ruta Provincial N\u00b0 12),\u00a0 a nombre de Autom\u00f3vil Club Argentino (A.C.A.).<\/p>\n<p><span style=\"color: #666699;\"><strong>Fortalecimiento del Sistema de Gesti\u00f3n Integral de Residuos S\u00f3lidos Urbanos de Calingasta<\/strong><\/span><\/p>\n<p>Luego, deber\u00e1 decidir si otorga acuerdo al proyecto de Ley remitido por el Poder Ejecutivo, mediante mensaje n\u00ba 60, que propone aprobar el convenio Marco de Cooperaci\u00f3n y Acta Complementaria, suscriptos entre la Secretar\u00eda de Estado de Ambiente y Desarrollo Sustentable, representada por el secretario de Estado de Ambiente y Desarrollo Sustentable, Ra\u00fal Tello; la Municipalidad de Calingasta, representada por su intendente, Jorge Casta\u00f1eda y la empresa a Glencore Pach\u00f3n S.A, representada por Jorge Sausset, en su car\u00e1cter de apoderado, en fecha 2 de febrero de 2021.<\/p>\n<p>El objeto de dicho acuerdo consiste en prestar colaboraci\u00f3n y asistencia t\u00e9cnica y\/o financiera a fin de lograr la conformaci\u00f3n de una mesa de trabajo conjunto, que favorezca el desarrollo y la implementaci\u00f3n de acciones que fortalezcan el sistema de Gesti\u00f3n Integral de Residuos S\u00f3lidos Urbanos de Calingasta.<\/p>\n<p><span style=\"color: #666699;\"><strong>Designaci\u00f3n del chalet \u201cGonz\u00e1lez Rodr\u00edguez\u201d como Monumento Hist\u00f3rico Art\u00edstico<\/strong><\/span><\/p>\n<p>Por otro lado, la C\u00e1mara tratar\u00e1 un proyecto de Ley presentado por el Poder Ejecutivo, mediante mensaje n\u00ba 67, que propone declarar Bien integrante del Patrimonio Cultural y Natural de la Provincia de San Juan, dentro de los alcances de la Ley Provincial N\u00ba 571-F, al chalet \u00abGonz\u00e1lez Rodr\u00edguez\u00bb ubicado en calle General Acha y Avenida Circunvalaci\u00f3n, Capital, provincia de San Juan. Asimismo, establece designar como Monumento Hist\u00f3rico Art\u00edstico en los t\u00e9rminos del art\u00edculo 4\u00b0, inciso A) apartado 2) de dicha ley, que expresa lo siguiente:<\/p>\n<p>\u201cARTICULO 4\u00ba.- Sin perjuicio de los bienes muebles o inmuebles, ya declarados por ley, integrantes del Patrimonio Cultural y Natural de la Provincia, los que se considerar\u00e1n incluidos dentro del r\u00e9gimen establecido en la presente ley, a partir de su publicaci\u00f3n, estar\u00e1n sujetos a la calificaci\u00f3n establecida en el art\u00edculo 2\u00ba de la presente ley, los siguientes bienes, que deber\u00e1n ser declarados conforme a la categorizaci\u00f3n que sigue:<\/p>\n<p>A) MONUMENTO NATURAL E HIST\u00d3RICO PROVINCIAL:<\/p>\n<p>2) MONUMENTO HIST\u00d3RICO ART\u00cdSTICO: Son los bienes muebles o inmuebles, que revisten relevante valor est\u00e9tico, y cuya conservaci\u00f3n es de p\u00fablico inter\u00e9s.\u201d<\/p>\n<p><span style=\"color: #666699;\"><strong>Continuidad de asistencia financiera en los servicios de Transporte P\u00fablico Automotor Urbano<\/strong><\/span><\/p>\n<p>Despu\u00e9s, los legisladores y legisladoras deber\u00e1n abordar un proyecto de Ley remitido por el Poder Ejecutivo, mediante mensaje n\u00ba 68, el cual propone aprobar la Adenda II al Convenio suscripto entre el Ministerio de Transporte de la Naci\u00f3n, representado por la Secretar\u00eda de Articulaci\u00f3n Interjurisdiccional Marcela Fabiana Passo y el Gobierno de la Provincia de San Juan representado por la ministra de Gobierno, Ana Fabiola Aubone. El objeto de la firma consiste en continuar otorgando asistencia financiera para los servicios de Transporte P\u00fablico Automotor Urbano, a trav\u00e9s del denominado fondo compensador.<\/p>\n<p><span style=\"color: #666699;\"><strong>Convenio para otorgar subsidios para la compra de maquinarias, herramientas y materiales<\/strong><\/span><\/p>\n<p>M\u00e1s tarde, deber\u00e1n considerar el proyecto de Ley remitido por el Poder Ejecutivo, mediante mensaje n\u00ba 70, el cual propone ratificar el convenio celebrado entre la Secretar\u00eda de Articulaci\u00f3n de Pol\u00edtica Social del Ministerio de Desarrollo Social de la Naci\u00f3n y el Gobierno do la Provincia de San Juan. El objeto de este acuerdo consiste en otorgar un subsidio institucional a fin de ser destinado a la compra de maquinarias, herramientas y materiales, necesarios para la puesta en marcha e implementaci\u00f3n de Proyectos Productivos o de Servicios presentados por el gobierno provincial, de acuerdo a lo establecido en el Plan de Actividades que se ejecuta en el marco del Programa Nacional \u00abBanco de Maquinarias, Herramientas y Materiales para la Emergencia Social\u00bb.<\/p>\n<p><span style=\"color: #666699;\"><strong>Convenio para mejorar el Hospital de Barreal<\/strong><\/span><\/p>\n<p>Posteriormente, el cuerpo parlamentario deber\u00e1 tratar un proyecto de Ley presentado por el Poder Ejecutivo, mediante mensaje n\u00ba 71, el cual propone aprobar el convenio Marco de Colaboraci\u00f3n por Obras de Mejoramiento Edilicio Sector COVID y Sector de Urgencias Hospital de Barreal \u2014 Ministerio de Salud P\u00fablica de la Provincia de San Juan y Anexo I \u00abMejoramiento Edilicio Sector Covid \u2014 Hospital de Barreal\u201d. Dicho acuerdo fue suscripto el 3 de septiembre de 2020, entre el Juan Sebasti\u00e1n Molina, en su car\u00e1cter de Director del Hospital de Barreal; y la empresa Glencore Pachon S.A., representada por el Se\u00f1or Jorge Sausset, y Guillermo Olguin, en car\u00e1cter de apoderados.<\/p>\n<p><span style=\"color: #666699;\"><strong>Implementaci\u00f3n del \u00abProtocolo de Actuaci\u00f3n del Plan de Uso Compasivo Ampliado\u201d<\/strong><\/span><\/p>\n<p>Tambi\u00e9n, los diputados y diputadas abordar\u00e1n un proyecto de Ley remitido por el Poder Ejecutivo, mediante mensaje n\u00ba 72, el cual propone ratificar un convenio de Prestaci\u00f3n de Servicio para la Implementaci\u00f3n del \u00abProtocolo de Actuaci\u00f3n Destinado Facilitar la Indicaci\u00f3n del Plan de Uso Compasivo Ampliado (UCA) de Medicamentos en Enfermedades Pand\u00e9micas\u201d con motivo de la emergencia sanitaria COVID-19\u00bb.<\/p>\n<p>Cabe se\u00f1alar que el acuerdo fue suscripto el 18 de marzo del 2021, entre el Ministerio de Salud P\u00fablica, representado por la ministra Silvia Alejandra Venerando, y la firma Qu\u00edmica Luar SRL, representada por su Socio Gerente, Luis Alberto Arga\u00f1aras.<\/p>\n<p><span style=\"color: #666699;\"><strong>Financiamiento del \u201cPrograma de Desarrollo de Infraestructura de Transporte de Datos\u201d<\/strong><\/span><\/p>\n<p>Adem\u00e1s, considerar\u00e1n un proyecto de Ley presentado por el Poder Ejecutivo, mediante mensaje n\u00ba 75, el cual propone aprobar el convenio de Asistencia Financiera entre el Fondo Fiduciario Federal de Infraestructura Regional, y la provincia de San Juan, por hasta la suma de pesos setecientos millones ($ 700.000.000,00), con m\u00e1s sus intereses, para el financiamiento del \u00abPrograma de Desarrollo de Infraestructura de Transporte de Datos, Infraestructura Fundacionales que permite la Universalizaci\u00f3n de Acceso a Internet y Datos M\u00f3viles- San Juan Conectada Fase I\u00bb.<\/p>\n<p><span style=\"color: #666699;\"><strong>Proyectos de Resoluci\u00f3n<\/strong><\/span><\/p>\n<p>Luego, la C\u00e1mara abordar\u00e1 los siguientes proyectos de Resoluci\u00f3n que proponen declarar de inter\u00e9s:<\/p>\n<ul>\n<li>Social, Cultural y Educativo la participaci\u00f3n de j\u00f3venes sanjuaninos en la XIX Jornada Provincial de Profesionales de Ciencias Econ\u00f3micas, comprendiendo dos d\u00edas de capacitaci\u00f3n y formaci\u00f3n en forma virtual. (diputado Gast\u00f3n Berenguer)<\/li>\n<li>Social, Cultural,\u00a0 e Hist\u00f3rico, las actividades que se desarrollan el 9 de agosto por el 137\u00ba aniversario de la creaci\u00f3n del departamento Pocito. (bloque Justicialista).<\/li>\n<\/ul>\n<p><span style=\"color: #666699;\"><strong>Proyecto de Comunicaci\u00f3n<\/strong><\/span><\/p>\n<p>Posteriormente, el cuerpo legislativo considerar\u00e1 un proyecto de Comunicaci\u00f3n Interbloque que propone requerirle al Poder Ejecutivo sobre la contrataci\u00f3n de vacunas Sputnik V. En tal sentido, durante la reuni\u00f3n de Labor Parlamentaria fue el propio vicegobernador y presidente nato de la C\u00e1mara de Diputados, Roberto Gattoni junto a los representantes del bloque Justicialista solicitaron el tratamiento sobre tablas de este proyecto.<\/p>\n<p><span style=\"color: #666699;\"><strong>Proyectos que ser\u00e1n girados a las Comisiones<\/strong><\/span><\/p>\n<p>Asimismo, durante la sesi\u00f3n, el cuerpo legislativo enviar\u00e1 a las respectivas comisiones las siguientes comunicaciones oficiales:<\/p>\n<ul>\n<li>Proyecto de Ley presentado por el Poder Ejecutivo, mediante mensaje n\u00ba 77, por el que aprueba el Acta Acuerdo suscripta entre la Direcci\u00f3n Nacional de Vialidad y la provincia de San Juan, respecto a la obra Corredor de Cuyo. (Legislaci\u00f3n y Asuntos Constitucionales; Obras y Servicios P\u00fablicos; Hacienda y Presupuesto)<\/li>\n<li>Proyecto de Ley presentado por el Poder Ejecutivo, mediante mensaje n\u00ba 78, por el que aprueba el Acta Acuerdo suscripta entre la Direcci\u00f3n Nacional de Vialidad y la provincia de San Juan, respecto a la transferencia de funciones operativas. (Legislaci\u00f3n y Asuntos Constitucionales \u2013LAC-; Obras y Servicios P\u00fablicos; Hacienda y Presupuesto)<\/li>\n<li>Nota n\u00ba 8697 remitida por el Entre Provincial Regulador de la Electricidad (EPRE) por la que eleva informe en cumplimiento de la Ley n\u00ba 524-A. (A conocimiento)<\/li>\n<li>Nota n\u00ba 8699 remitida por el Entre Provincial Regulador de la Electricidad (EPRE) por la que eleva informe en cumplimiento de la Ley n\u00ba 524-A. (A conocimiento)<\/li>\n<li>Nota n\u00ba 8697-28 remitida por el Entre Provincial Regulador de la Electricidad (EPRE) por la que eleva informe en cumplimiento de la Ley n\u00ba 524-A. (A conocimiento)<\/li>\n<\/ul>\n<p>Por otro lado, enviar\u00e1 para su tratamiento en comisiones los siguientes proyectos de Ley de autor\u00eda de los diputados que proponen:<\/p>\n<ul>\n<li>Adherir la provincia de San Juan a la Ley n\u00ba 27636 sobre \u201cPromoci\u00f3n del acceso al empleo formal para personas travestis, transexuales y transg\u00e9neros- Diana Sacay\u00e1n- Lohana Berkins\u201d. (Diputada Marcela Monti- Comisiones: LAC y Derechos Humanos y Garant\u00edas)<\/li>\n<li>Instituir la capacitaci\u00f3n obligatoria en la tem\u00e1tica de discapacidad desde un enfoque de derechos humanos para las personas que se desempe\u00f1an en la funci\u00f3n p\u00fablica. (Diputada Marcela Quiroga y diputados Juan Manuel Roca, Carlos Jaime Quiroga y Carlos Platero- Comisiones: LAC; Discapacidad; y Hacienda y Presupuesto)<\/li>\n<li>Establecer que los productos de consumo que venzan en un plazo de quince d\u00edas, desde su exhibici\u00f3n para la venta, deben contener la leyenda \u201cProducto de vencimiento inminente\u201d. (Diputada Florencia Pe\u00f1aloza- Comisiones: LAC; y Econom\u00eda y Defensa al Consumidor)<\/li>\n<li>Instituir el D\u00eda provincial de la Conciencia para promover la cultura de Paz. (Diputada Marcela Monti- Comisiones: LAC; y Derechos Humanos y Garant\u00edas)<\/li>\n<\/ul>\n<p>Adem\u00e1s, la C\u00e1mara destinar\u00e1 a la Comisi\u00f3n de Educaci\u00f3n, Cultura, Ciencia y T\u00e9cnica, los siguientes proyectos de resoluci\u00f3n que proponen declarar de inter\u00e9s:<\/p>\n<ul>\n<li>Social, Educativo, Cultural y Tur\u00edstico, el programa televisivo \u201cLa Revista del Rafa\u201d. (Diputada Marcela Monti)<\/li>\n<li>Cultural y Social, la Cabalgata de la Difunta Teresa. (Diputado Marcelo Mallea)<\/li>\n<\/ul>\n<p>Por \u00faltimo, tomar\u00e1n estado parlamentario los siguientes proyectos de comunicaci\u00f3n que solicitan al Poder Ejecutivo:<\/p>\n<ul>\n<li>Realizar operativos territoriales en el departamento Angaco. (Diputado Marcelo Mallea- Comisi\u00f3n: Peticiones y Poderes)<\/li>\n<li>Gestionar ante los organismos nacionales, la instalaci\u00f3n de una oficina permanente de una delegaci\u00f3n de ANSES en el departamento Angaco. (Diputado Marcelo Mallea- Comisi\u00f3n: Peticiones y Poderes)<\/li>\n<li>Incluir a los departamentos Angaco y San Mart\u00edn en el proyecto de instalaci\u00f3n de red de fibra \u00f3ptica. (Diputado Marcelo Mallea- Comisiones: Obras y Servicios P\u00fablicos; y Peticiones y Poderes)<\/li>\n<\/ul>\n<\/div>\n","protected":false},"excerpt":{"rendered":"<p>El Poder Legislativo de San Juan, desarrolla la Novena Sesi\u00f3n del per\u00edodo ordinario, el Jueves, 5 de Agosto, a partir<\/p>\n","protected":false},"author":3,"featured_media":37879,"comment_status":"closed","ping_status":"closed","sticky":false,"template":"","format":"standard","meta":{"_acf_changed":false,"_seopress_robots_primary_cat":"none","_seopress_titles_title":"","_seopress_titles_desc":"","_seopress_robots_index":"","colormag_page_container_layout":"default_layout","colormag_page_sidebar_layout":"default_layout","footnotes":""},"categories":[1],"tags":[],"class_list":["post-40446","post","type-post","status-publish","format-standard","has-post-thumbnail","hentry","category-destacadas"],"acf":[],"_links":{"self":[{"href":"https:\/\/vocesparalelas.com.ar\/sitio\/wp-json\/wp\/v2\/posts\/40446","targetHints":{"allow":["GET"]}}],"collection":[{"href":"https:\/\/vocesparalelas.com.ar\/sitio\/wp-json\/wp\/v2\/posts"}],"about":[{"href":"https:\/\/vocesparalelas.com.ar\/sitio\/wp-json\/wp\/v2\/types\/post"}],"author":[{"embeddable":true,"href":"https:\/\/vocesparalelas.com.ar\/sitio\/wp-json\/wp\/v2\/users\/3"}],"replies":[{"embeddable":true,"href":"https:\/\/vocesparalelas.com.ar\/sitio\/wp-json\/wp\/v2\/comments?post=40446"}],"version-history":[{"count":1,"href":"https:\/\/vocesparalelas.com.ar\/sitio\/wp-json\/wp\/v2\/posts\/40446\/revisions"}],"predecessor-version":[{"id":40448,"href":"https:\/\/vocesparalelas.com.ar\/sitio\/wp-json\/wp\/v2\/posts\/40446\/revisions\/40448"}],"wp:featuredmedia":[{"embeddable":true,"href":"https:\/\/vocesparalelas.com.ar\/sitio\/wp-json\/wp\/v2\/media\/37879"}],"wp:attachment":[{"href":"https:\/\/vocesparalelas.com.ar\/sitio\/wp-json\/wp\/v2\/media?parent=40446"}],"wp:term":[{"taxonomy":"category","embeddable":true,"href":"https:\/\/vocesparalelas.com.ar\/sitio\/wp-json\/wp\/v2\/categories?post=40446"},{"taxonomy":"post_tag","embeddable":true,"href":"https:\/\/vocesparalelas.com.ar\/sitio\/wp-json\/wp\/v2\/tags?post=40446"}],"curies":[{"name":"wp","href":"https:\/\/api.w.org\/{rel}","templated":true}]}}