{"id":40442,"date":"2021-08-04T23:51:22","date_gmt":"2021-08-05T02:51:22","guid":{"rendered":"http:\/\/vocesparalelas.com.ar\/sitio\/?p=40442"},"modified":"2021-08-04T23:51:22","modified_gmt":"2021-08-05T02:51:22","slug":"trasladan-el-laboratorio-de-preparacion-de-fosiles-al-nuevo-edificio-del-museo-de-ciencias-naturales","status":"publish","type":"post","link":"https:\/\/vocesparalelas.com.ar\/sitio\/trasladan-el-laboratorio-de-preparacion-de-fosiles-al-nuevo-edificio-del-museo-de-ciencias-naturales\/","title":{"rendered":"Trasladan el laboratorio de preparaci\u00f3n de f\u00f3siles al nuevo edificio del Museo de Ciencias Naturales"},"content":{"rendered":"<p>El director del Instituto y Museo de Ciencias Naturales &#8211; IMCN -, dependiente de la Facultad de Ciencias Exactas, F\u00edsicas y Naturales de la Universidad Nacional de San Juan, Dr. Oscar Alcober explic\u00f3 que \u00abcomenzaron con la primera parte de la mudanza hacia el nuevo edificio del museo de Ciencias Naturales y que construye el Estado provincial. Ese gran inmueble en construcci\u00f3n est\u00e1 situado al lado del actual IMCN, que desde hace a\u00f1os funciona en lo que era la estaci\u00f3n del Ferrocarril Belgrano, por avenida Espa\u00f1a.<\/p>\n<p>El Director de este Instituto paleontol\u00f3gico de la UNSJ dijo que \u00abya se movieron los bochones de f\u00f3siles recolectados en Ischigualasto, en Mogna y en Marayes, material que a\u00fan se encuentra sin preparaci\u00f3n para exhibirlo y estudiarlo. Todo eso se ha tra\u00eddo al subsuelo del edificio nuevo, que es donde va a funcionar el laboratorio de preparaci\u00f3n de f\u00f3siles.<\/p>\n<p>Adem\u00e1s, dijo que \u00abel nuevo inmueble, del cual se calcula que por lo menos en un a\u00f1o m\u00e1s estar\u00e1 listo, albergar\u00e1 talleres, laboratorios, gabinetes para investigadores\/as y lugares muy amplios para exhibici\u00f3n del mundo paleontol\u00f3gico. Va a ser un atractivo y muy impresionante para la provincia y la UNSJ va a tener el rol de asesora, por supuesto.<\/p>\n<p><span style=\"color: #33cccc;\"><strong>Muestra de insectos<\/strong><\/span><\/p>\n<p>El destino del edificio en que hoy funciona el IMCN est\u00e1 reservado para la Biolog\u00eda. Oscar Alcober cont\u00f3 que el staff cient\u00edfico en relaci\u00f3n con esa disciplina, va a quedar y se sumar\u00e1 un nuevo anexo. Nuestra idea es generar una exhibici\u00f3n biol\u00f3gica que, tentativamente, nos parece que ser\u00eda una muestra sobre insectos. Ser\u00eda, por supuesto, una muestra did\u00e1ctica, divertida para chicos y chicas\u201d &#8211; concluy\u00f3 el Dr. Oscar Alcober.<\/p>\n","protected":false},"excerpt":{"rendered":"<p>El director del Instituto y Museo de Ciencias Naturales &#8211; IMCN -, dependiente de la Facultad de Ciencias Exactas, F\u00edsicas<\/p>\n","protected":false},"author":3,"featured_media":40444,"comment_status":"closed","ping_status":"closed","sticky":false,"template":"","format":"standard","meta":{"_acf_changed":false,"_seopress_robots_primary_cat":"none","_seopress_titles_title":"","_seopress_titles_desc":"","_seopress_robots_index":"","colormag_page_container_layout":"default_layout","colormag_page_sidebar_layout":"default_layout","footnotes":""},"categories":[1],"tags":[],"class_list":["post-40442","post","type-post","status-publish","format-standard","has-post-thumbnail","hentry","category-destacadas"],"acf":[],"_links":{"self":[{"href":"https:\/\/vocesparalelas.com.ar\/sitio\/wp-json\/wp\/v2\/posts\/40442","targetHints":{"allow":["GET"]}}],"collection":[{"href":"https:\/\/vocesparalelas.com.ar\/sitio\/wp-json\/wp\/v2\/posts"}],"about":[{"href":"https:\/\/vocesparalelas.com.ar\/sitio\/wp-json\/wp\/v2\/types\/post"}],"author":[{"embeddable":true,"href":"https:\/\/vocesparalelas.com.ar\/sitio\/wp-json\/wp\/v2\/users\/3"}],"replies":[{"embeddable":true,"href":"https:\/\/vocesparalelas.com.ar\/sitio\/wp-json\/wp\/v2\/comments?post=40442"}],"version-history":[{"count":1,"href":"https:\/\/vocesparalelas.com.ar\/sitio\/wp-json\/wp\/v2\/posts\/40442\/revisions"}],"predecessor-version":[{"id":40445,"href":"https:\/\/vocesparalelas.com.ar\/sitio\/wp-json\/wp\/v2\/posts\/40442\/revisions\/40445"}],"wp:featuredmedia":[{"embeddable":true,"href":"https:\/\/vocesparalelas.com.ar\/sitio\/wp-json\/wp\/v2\/media\/40444"}],"wp:attachment":[{"href":"https:\/\/vocesparalelas.com.ar\/sitio\/wp-json\/wp\/v2\/media?parent=40442"}],"wp:term":[{"taxonomy":"category","embeddable":true,"href":"https:\/\/vocesparalelas.com.ar\/sitio\/wp-json\/wp\/v2\/categories?post=40442"},{"taxonomy":"post_tag","embeddable":true,"href":"https:\/\/vocesparalelas.com.ar\/sitio\/wp-json\/wp\/v2\/tags?post=40442"}],"curies":[{"name":"wp","href":"https:\/\/api.w.org\/{rel}","templated":true}]}}