{"id":40404,"date":"2021-08-04T20:21:45","date_gmt":"2021-08-04T23:21:45","guid":{"rendered":"http:\/\/vocesparalelas.com.ar\/sitio\/?p=40404"},"modified":"2021-08-07T13:24:08","modified_gmt":"2021-08-07T16:24:08","slug":"presentacion-de-la-plataforma-mica-en-san-juan","status":"publish","type":"post","link":"https:\/\/vocesparalelas.com.ar\/sitio\/presentacion-de-la-plataforma-mica-en-san-juan\/","title":{"rendered":"Presentaci\u00f3n de la plataforma MICA en San Juan"},"content":{"rendered":"<p>El Ministerio de Cultura de la Naci\u00f3n, junto a la cartera de Turismo y Cultura de San Juan presentaron la\u00a0Plataforma del Mercado de Industrias Culturales Argentinas. El objetivo fue dar a conocer los beneficios y ventajas para los interesados en participar del mismo.<\/p>\n<p>En esta charla virtual participaron la Direcci\u00f3n de Cooperaci\u00f3n Internacional a cargo de Viviana Luna, Facundo Mu\u00f1oz, Nisie Bates; Validadores de portfolios del Mica: Micaela Mui\u00f1o, Marcos Ribas, la Secretaria de Cultura Virginia Agote y la Directora de Pol\u00edticas e Industrias Culturales Romina Torres. Tambi\u00e9n participaron entidades quienes ofrecen bienes y servicios culturales de la provincia.<\/p>\n<p>La capacitaci\u00f3n estuvo destinada a dar a conocer losbeneficios y ventajas que tendr\u00e1n las empresas registradas, las acciones y contenidos que se llevar\u00e1n adelante en MICA Incuba y el trabajo que se realiza para la exportaci\u00f3n e internacionalizaci\u00f3n de productos argentinos<strong>.<\/strong><\/p>\n<p>Tambi\u00e9n se trabaj\u00f3 sobre la Plataforma Mica para dar detalles de la interfaz, ejemplos de perfiles existentes y la importancia de las im\u00e1genes, las descripciones y textos de cada producto. Adem\u00e1s, se abri\u00f3 un espacio de consulta para los usuarios que participaron.<\/p>\n<p><span style=\"color: #339966;\"><strong>Conoc\u00e9 MICA<\/strong><\/span><\/p>\n<p>MICA nace en el a\u00f1o 2011 con el prop\u00f3sito de potenciar la producci\u00f3n, otorgar visibilidad y promover la comercializaci\u00f3n de bienes y servicios culturales. Interconecta a las industrias de todo el pa\u00eds para federalizar el potencial cultural, favorecer su integraci\u00f3n y extender su alcance.<\/p>\n<p>La calidad y diversidad art\u00edstica de los actores culturales argentinos convirti\u00f3 a MICA en un mercado exportador, dispuesto a conquistar nuevas partes del mundo.<\/p>\n<p>Para consultas contactarse a\u00a0<span id=\"cloakfbdd90f0c277b840133afc30fb8d9c72\"><a href=\"mailto:internacionales@cultura.gob.ar\">internacionales@cultura.gob.ar<\/a><\/span>.<\/p>\n<p>En San Juan a: Direcci\u00f3n de Pol\u00edticas e Industrias culturales.<br \/>\nTel: 4201775<br \/>\nMail:\u00a0<span id=\"cloakd38457e5ba08301cfa6c7715f16789a4\"><a href=\"mailto:industriasculturalessj@gmail.com\">industriasculturalessj@gmail.com<\/a><\/span><\/p>\n","protected":false},"excerpt":{"rendered":"<p>El Ministerio de Cultura de la Naci\u00f3n, junto a la cartera de Turismo y Cultura de San Juan presentaron la\u00a0Plataforma<\/p>\n","protected":false},"author":3,"featured_media":40406,"comment_status":"closed","ping_status":"closed","sticky":false,"template":"","format":"standard","meta":{"_acf_changed":false,"_seopress_robots_primary_cat":"none","_seopress_titles_title":"","_seopress_titles_desc":"","_seopress_robots_index":"","colormag_page_container_layout":"default_layout","colormag_page_sidebar_layout":"default_layout","footnotes":""},"categories":[2],"tags":[],"class_list":["post-40404","post","type-post","status-publish","format-standard","has-post-thumbnail","hentry","category-convocatorias"],"acf":[],"_links":{"self":[{"href":"https:\/\/vocesparalelas.com.ar\/sitio\/wp-json\/wp\/v2\/posts\/40404","targetHints":{"allow":["GET"]}}],"collection":[{"href":"https:\/\/vocesparalelas.com.ar\/sitio\/wp-json\/wp\/v2\/posts"}],"about":[{"href":"https:\/\/vocesparalelas.com.ar\/sitio\/wp-json\/wp\/v2\/types\/post"}],"author":[{"embeddable":true,"href":"https:\/\/vocesparalelas.com.ar\/sitio\/wp-json\/wp\/v2\/users\/3"}],"replies":[{"embeddable":true,"href":"https:\/\/vocesparalelas.com.ar\/sitio\/wp-json\/wp\/v2\/comments?post=40404"}],"version-history":[{"count":1,"href":"https:\/\/vocesparalelas.com.ar\/sitio\/wp-json\/wp\/v2\/posts\/40404\/revisions"}],"predecessor-version":[{"id":40407,"href":"https:\/\/vocesparalelas.com.ar\/sitio\/wp-json\/wp\/v2\/posts\/40404\/revisions\/40407"}],"wp:featuredmedia":[{"embeddable":true,"href":"https:\/\/vocesparalelas.com.ar\/sitio\/wp-json\/wp\/v2\/media\/40406"}],"wp:attachment":[{"href":"https:\/\/vocesparalelas.com.ar\/sitio\/wp-json\/wp\/v2\/media?parent=40404"}],"wp:term":[{"taxonomy":"category","embeddable":true,"href":"https:\/\/vocesparalelas.com.ar\/sitio\/wp-json\/wp\/v2\/categories?post=40404"},{"taxonomy":"post_tag","embeddable":true,"href":"https:\/\/vocesparalelas.com.ar\/sitio\/wp-json\/wp\/v2\/tags?post=40404"}],"curies":[{"name":"wp","href":"https:\/\/api.w.org\/{rel}","templated":true}]}}