{"id":40392,"date":"2021-08-03T21:29:59","date_gmt":"2021-08-04T00:29:59","guid":{"rendered":"http:\/\/vocesparalelas.com.ar\/sitio\/?p=40392"},"modified":"2021-08-04T23:53:50","modified_gmt":"2021-08-05T02:53:50","slug":"cursos-de-formacion-docente","status":"publish","type":"post","link":"https:\/\/vocesparalelas.com.ar\/sitio\/cursos-de-formacion-docente\/","title":{"rendered":"Cursos de Formaci\u00f3n Docente"},"content":{"rendered":"<p>UDAP y CTERA informan que el 31 de Agosto comienzan una serie de cursos de Formaci\u00f3n Docente destinados a docentes y a equipos directivos de todos los niveles y modalidades.<\/p>\n<p><strong><span style=\"color: #339966;\">Cursos<\/span><\/strong><\/p>\n<ul>\n<li>Trabajo Docente<\/li>\n<li>Pedagog\u00eda Latinoamericanas<\/li>\n<li>Educaci\u00f3n Ambiental<\/li>\n<li>Formaci\u00f3n en Cargos Directivos<\/li>\n<li>Investigaci\u00f3n Educativa<\/li>\n<\/ul>\n<p>Duraci\u00f3n 2 meses que representa 60 horas reloj. Modalidad virtual tutorizada. Certificaci\u00f3n INFoD &#8211; Ministerio de Educaci\u00f3n de la Naci\u00f3n, Resoluciones 25\/15 y 310\/16<\/p>\n<p><span style=\"color: #339966;\"><strong>Informaci\u00f3n sobre cursos<\/strong><\/span><\/p>\n<p>En la plataforma<\/p>\n<p><a href=\"https:\/\/formacion.juanamanso.edu.ar\/cursos\">https:\/\/formacion.juanamanso.edu.ar\/cursos<\/a><\/p>\n<p>&nbsp;<\/p>\n<p>&nbsp;<\/p>\n<p>&nbsp;<\/p>\n<p><img loading=\"lazy\" decoding=\"async\" class=\"alignnone wp-image-40395 size-full\" src=\"https:\/\/vocesparalelas.com.ar\/sitio\/wp-content\/uploads\/2021\/08\/udap-ctera.jpg\" alt=\"\" width=\"800\" height=\"450\" srcset=\"https:\/\/vocesparalelas.com.ar\/sitio\/wp-content\/uploads\/2021\/08\/udap-ctera.jpg 800w, https:\/\/vocesparalelas.com.ar\/sitio\/wp-content\/uploads\/2021\/08\/udap-ctera-300x169.jpg 300w, https:\/\/vocesparalelas.com.ar\/sitio\/wp-content\/uploads\/2021\/08\/udap-ctera-768x432.jpg 768w\" sizes=\"auto, (max-width: 800px) 100vw, 800px\" \/><\/p>\n<p>&nbsp;<\/p>\n<p><strong><span style=\"color: #339966;\">Inscripci\u00f3n<\/span><\/strong><\/p>\n<p><a href=\"https:\/\/docs.google.com\/forms\/d\/e\/1FAIpQLSdVNYxyVDxaTgKoJL61b5sgKrIHM2Lh6M45QCJYoNR87swVfQ\/viewform\">https:\/\/docs.google.com\/forms\/d\/e\/1FAIpQLSdVNYxyVDxaTgKoJL61b5sgKrIHM2Lh6M45QCJYoNR87swVfQ\/viewform<\/a><\/p>\n<p>&nbsp;<\/p>\n<p><img loading=\"lazy\" decoding=\"async\" class=\"alignnone wp-image-11624 size-large\" src=\"https:\/\/vocesparalelas.com.ar\/sitio\/wp-content\/uploads\/2018\/05\/UDAP-CTERA-EDIFICIO-800x557.jpg\" alt=\"\" width=\"800\" height=\"557\" srcset=\"https:\/\/vocesparalelas.com.ar\/sitio\/wp-content\/uploads\/2018\/05\/UDAP-CTERA-EDIFICIO-800x557.jpg 800w, https:\/\/vocesparalelas.com.ar\/sitio\/wp-content\/uploads\/2018\/05\/UDAP-CTERA-EDIFICIO-300x209.jpg 300w, https:\/\/vocesparalelas.com.ar\/sitio\/wp-content\/uploads\/2018\/05\/UDAP-CTERA-EDIFICIO-768x535.jpg 768w, https:\/\/vocesparalelas.com.ar\/sitio\/wp-content\/uploads\/2018\/05\/UDAP-CTERA-EDIFICIO-392x272.jpg 392w, https:\/\/vocesparalelas.com.ar\/sitio\/wp-content\/uploads\/2018\/05\/UDAP-CTERA-EDIFICIO-130x90.jpg 130w, https:\/\/vocesparalelas.com.ar\/sitio\/wp-content\/uploads\/2018\/05\/UDAP-CTERA-EDIFICIO.jpg 1000w\" sizes=\"auto, (max-width: 800px) 100vw, 800px\" \/><\/p>\n","protected":false},"excerpt":{"rendered":"<p>UDAP y CTERA informan que el 31 de Agosto comienzan una serie de cursos de Formaci\u00f3n Docente destinados a docentes<\/p>\n","protected":false},"author":3,"featured_media":32913,"comment_status":"closed","ping_status":"closed","sticky":false,"template":"","format":"standard","meta":{"_acf_changed":false,"_seopress_robots_primary_cat":"none","_seopress_titles_title":"","_seopress_titles_desc":"","_seopress_robots_index":"","colormag_page_container_layout":"default_layout","colormag_page_sidebar_layout":"default_layout","footnotes":""},"categories":[9],"tags":[],"class_list":["post-40392","post","type-post","status-publish","format-standard","has-post-thumbnail","hentry","category-cursos"],"acf":[],"_links":{"self":[{"href":"https:\/\/vocesparalelas.com.ar\/sitio\/wp-json\/wp\/v2\/posts\/40392","targetHints":{"allow":["GET"]}}],"collection":[{"href":"https:\/\/vocesparalelas.com.ar\/sitio\/wp-json\/wp\/v2\/posts"}],"about":[{"href":"https:\/\/vocesparalelas.com.ar\/sitio\/wp-json\/wp\/v2\/types\/post"}],"author":[{"embeddable":true,"href":"https:\/\/vocesparalelas.com.ar\/sitio\/wp-json\/wp\/v2\/users\/3"}],"replies":[{"embeddable":true,"href":"https:\/\/vocesparalelas.com.ar\/sitio\/wp-json\/wp\/v2\/comments?post=40392"}],"version-history":[{"count":1,"href":"https:\/\/vocesparalelas.com.ar\/sitio\/wp-json\/wp\/v2\/posts\/40392\/revisions"}],"predecessor-version":[{"id":40396,"href":"https:\/\/vocesparalelas.com.ar\/sitio\/wp-json\/wp\/v2\/posts\/40392\/revisions\/40396"}],"wp:featuredmedia":[{"embeddable":true,"href":"https:\/\/vocesparalelas.com.ar\/sitio\/wp-json\/wp\/v2\/media\/32913"}],"wp:attachment":[{"href":"https:\/\/vocesparalelas.com.ar\/sitio\/wp-json\/wp\/v2\/media?parent=40392"}],"wp:term":[{"taxonomy":"category","embeddable":true,"href":"https:\/\/vocesparalelas.com.ar\/sitio\/wp-json\/wp\/v2\/categories?post=40392"},{"taxonomy":"post_tag","embeddable":true,"href":"https:\/\/vocesparalelas.com.ar\/sitio\/wp-json\/wp\/v2\/tags?post=40392"}],"curies":[{"name":"wp","href":"https:\/\/api.w.org\/{rel}","templated":true}]}}