{"id":40388,"date":"2021-08-03T23:52:43","date_gmt":"2021-08-04T02:52:43","guid":{"rendered":"http:\/\/vocesparalelas.com.ar\/sitio\/?p=40388"},"modified":"2021-08-05T00:23:48","modified_gmt":"2021-08-05T03:23:48","slug":"que-significa-el-fondo-de-desarrollo-regional-2021-para-la-municipalidad-de-rivadavia","status":"publish","type":"post","link":"https:\/\/vocesparalelas.com.ar\/sitio\/que-significa-el-fondo-de-desarrollo-regional-2021-para-la-municipalidad-de-rivadavia\/","title":{"rendered":"\u00bfQu\u00e9 significa el Fondo de Desarrollo Regional 2021 para la Municipalidad de Rivadavia?"},"content":{"rendered":"<p>El Gobierno de San Juan entreg\u00f3 a los intendentes de los 19 departamentos de la provincia el decreto de distribuci\u00f3n del Fondo de Desarrollo Regional 2021 &#8211; FODERE.<\/p>\n<p>La Municipalidad de Rivadavia continuar\u00e1 con la iluminaci\u00f3n led en distintos sectores del departamento. M\u00e1s de $29.000.000 invertidos.<\/p>\n<p>Por ello, Voces Paralelas entrevist\u00f3 al Intendente de la Municipalidad de Rivadavia, Dr. Fabi\u00e1n Mart\u00edn, quien explic\u00f3 lo que significa el Fondo y c\u00f3mo se llega otorgar el mismo al Gobierno de San Juan.<\/p>\n<p>&nbsp;<\/p>\n<p><iframe loading=\"lazy\" title=\"DR. FABI\u00c1N MART\u00cdN\" width=\"800\" height=\"450\" src=\"https:\/\/www.youtube.com\/embed\/gj_bWoyx8jA?feature=oembed\" frameborder=\"0\" allow=\"accelerometer; autoplay; clipboard-write; encrypted-media; gyroscope; picture-in-picture\" allowfullscreen><\/iframe><\/p>\n<p>&nbsp;<\/p>\n<p><img loading=\"lazy\" decoding=\"async\" class=\"alignnone wp-image-40377 size-full\" src=\"https:\/\/vocesparalelas.com.ar\/sitio\/wp-content\/uploads\/2021\/08\/FONDO-02.jpg\" alt=\"\" width=\"800\" height=\"533\" srcset=\"https:\/\/vocesparalelas.com.ar\/sitio\/wp-content\/uploads\/2021\/08\/FONDO-02.jpg 800w, https:\/\/vocesparalelas.com.ar\/sitio\/wp-content\/uploads\/2021\/08\/FONDO-02-300x200.jpg 300w, https:\/\/vocesparalelas.com.ar\/sitio\/wp-content\/uploads\/2021\/08\/FONDO-02-768x512.jpg 768w\" sizes=\"auto, (max-width: 800px) 100vw, 800px\" \/><\/p>\n<p><img loading=\"lazy\" decoding=\"async\" class=\"alignnone wp-image-40376 size-full\" src=\"https:\/\/vocesparalelas.com.ar\/sitio\/wp-content\/uploads\/2021\/08\/FONDO-01.jpg\" alt=\"\" width=\"800\" height=\"533\" srcset=\"https:\/\/vocesparalelas.com.ar\/sitio\/wp-content\/uploads\/2021\/08\/FONDO-01.jpg 800w, https:\/\/vocesparalelas.com.ar\/sitio\/wp-content\/uploads\/2021\/08\/FONDO-01-300x200.jpg 300w, https:\/\/vocesparalelas.com.ar\/sitio\/wp-content\/uploads\/2021\/08\/FONDO-01-768x512.jpg 768w\" sizes=\"auto, (max-width: 800px) 100vw, 800px\" \/><\/p>\n<p>&nbsp;<\/p>\n","protected":false},"excerpt":{"rendered":"<p>El Gobierno de San Juan entreg\u00f3 a los intendentes de los 19 departamentos de la provincia el decreto de distribuci\u00f3n<\/p>\n","protected":false},"author":3,"featured_media":40383,"comment_status":"closed","ping_status":"closed","sticky":false,"template":"","format":"video","meta":{"_acf_changed":false,"_seopress_robots_primary_cat":"none","_seopress_titles_title":"","_seopress_titles_desc":"","_seopress_robots_index":"","colormag_page_container_layout":"default_layout","colormag_page_sidebar_layout":"default_layout","footnotes":""},"categories":[10,7],"tags":[],"class_list":["post-40388","post","type-post","status-publish","format-video","has-post-thumbnail","hentry","category-opiniones","category-videos","post_format-post-format-video"],"acf":[],"_links":{"self":[{"href":"https:\/\/vocesparalelas.com.ar\/sitio\/wp-json\/wp\/v2\/posts\/40388","targetHints":{"allow":["GET"]}}],"collection":[{"href":"https:\/\/vocesparalelas.com.ar\/sitio\/wp-json\/wp\/v2\/posts"}],"about":[{"href":"https:\/\/vocesparalelas.com.ar\/sitio\/wp-json\/wp\/v2\/types\/post"}],"author":[{"embeddable":true,"href":"https:\/\/vocesparalelas.com.ar\/sitio\/wp-json\/wp\/v2\/users\/3"}],"replies":[{"embeddable":true,"href":"https:\/\/vocesparalelas.com.ar\/sitio\/wp-json\/wp\/v2\/comments?post=40388"}],"version-history":[{"count":1,"href":"https:\/\/vocesparalelas.com.ar\/sitio\/wp-json\/wp\/v2\/posts\/40388\/revisions"}],"predecessor-version":[{"id":40390,"href":"https:\/\/vocesparalelas.com.ar\/sitio\/wp-json\/wp\/v2\/posts\/40388\/revisions\/40390"}],"wp:featuredmedia":[{"embeddable":true,"href":"https:\/\/vocesparalelas.com.ar\/sitio\/wp-json\/wp\/v2\/media\/40383"}],"wp:attachment":[{"href":"https:\/\/vocesparalelas.com.ar\/sitio\/wp-json\/wp\/v2\/media?parent=40388"}],"wp:term":[{"taxonomy":"category","embeddable":true,"href":"https:\/\/vocesparalelas.com.ar\/sitio\/wp-json\/wp\/v2\/categories?post=40388"},{"taxonomy":"post_tag","embeddable":true,"href":"https:\/\/vocesparalelas.com.ar\/sitio\/wp-json\/wp\/v2\/tags?post=40388"}],"curies":[{"name":"wp","href":"https:\/\/api.w.org\/{rel}","templated":true}]}}