{"id":40364,"date":"2021-08-03T20:41:27","date_gmt":"2021-08-03T23:41:27","guid":{"rendered":"http:\/\/vocesparalelas.com.ar\/sitio\/?p=40364"},"modified":"2021-08-03T20:41:27","modified_gmt":"2021-08-03T23:41:27","slug":"capacitaciones-del-centro-de-formacion-profesional-del-inv","status":"publish","type":"post","link":"https:\/\/vocesparalelas.com.ar\/sitio\/capacitaciones-del-centro-de-formacion-profesional-del-inv\/","title":{"rendered":"Capacitaciones del Centro de Formaci\u00f3n Profesional del INV"},"content":{"rendered":"<p>El 12 de Agosto comienza el primer ciclo de 5 cursos: Inclusi\u00f3n Digital, Gesti\u00f3n de Emprendimientos Vitivin\u00edcolas, Comercializaci\u00f3n y Marketing Vitivin\u00edcola, Marketing Digital y Redes Sociales; Framework YII &#8211; Nivel Avanzado.<\/p>\n<p>Encuentra el curso que te interese y accede a una formaci\u00f3n de calidad.<\/p>\n<p><span style=\"color: #339966;\"><strong>Para consultas e inscripciones<\/strong><\/span><\/p>\n<p>Se puede realizar por medio de la p\u00e1gina web: <a href=\"https:\/\/www.argentina.gob.ar\/inv\/capacitaciones\">https:\/\/www.argentina.gob.ar\/inv\/capacitaciones<\/a>\u00a0o por medio del e-mail:\u00a0<span id=\"cloak72fbc4abac84be434b2d7bdfe5173ab4\"><a href=\"mailto:formacionprofesional.inv@gmail.com\">formacionprofesional.inv@gmail.com<\/a><\/span><\/p>\n","protected":false},"excerpt":{"rendered":"<p>El 12 de Agosto comienza el primer ciclo de 5 cursos: Inclusi\u00f3n Digital, Gesti\u00f3n de Emprendimientos Vitivin\u00edcolas, Comercializaci\u00f3n y Marketing<\/p>\n","protected":false},"author":3,"featured_media":39831,"comment_status":"closed","ping_status":"closed","sticky":false,"template":"","format":"standard","meta":{"_acf_changed":false,"_seopress_robots_primary_cat":"none","_seopress_titles_title":"","_seopress_titles_desc":"","_seopress_robots_index":"","colormag_page_container_layout":"default_layout","colormag_page_sidebar_layout":"default_layout","footnotes":""},"categories":[1],"tags":[],"class_list":["post-40364","post","type-post","status-publish","format-standard","has-post-thumbnail","hentry","category-destacadas"],"acf":[],"_links":{"self":[{"href":"https:\/\/vocesparalelas.com.ar\/sitio\/wp-json\/wp\/v2\/posts\/40364","targetHints":{"allow":["GET"]}}],"collection":[{"href":"https:\/\/vocesparalelas.com.ar\/sitio\/wp-json\/wp\/v2\/posts"}],"about":[{"href":"https:\/\/vocesparalelas.com.ar\/sitio\/wp-json\/wp\/v2\/types\/post"}],"author":[{"embeddable":true,"href":"https:\/\/vocesparalelas.com.ar\/sitio\/wp-json\/wp\/v2\/users\/3"}],"replies":[{"embeddable":true,"href":"https:\/\/vocesparalelas.com.ar\/sitio\/wp-json\/wp\/v2\/comments?post=40364"}],"version-history":[{"count":1,"href":"https:\/\/vocesparalelas.com.ar\/sitio\/wp-json\/wp\/v2\/posts\/40364\/revisions"}],"predecessor-version":[{"id":40366,"href":"https:\/\/vocesparalelas.com.ar\/sitio\/wp-json\/wp\/v2\/posts\/40364\/revisions\/40366"}],"wp:featuredmedia":[{"embeddable":true,"href":"https:\/\/vocesparalelas.com.ar\/sitio\/wp-json\/wp\/v2\/media\/39831"}],"wp:attachment":[{"href":"https:\/\/vocesparalelas.com.ar\/sitio\/wp-json\/wp\/v2\/media?parent=40364"}],"wp:term":[{"taxonomy":"category","embeddable":true,"href":"https:\/\/vocesparalelas.com.ar\/sitio\/wp-json\/wp\/v2\/categories?post=40364"},{"taxonomy":"post_tag","embeddable":true,"href":"https:\/\/vocesparalelas.com.ar\/sitio\/wp-json\/wp\/v2\/tags?post=40364"}],"curies":[{"name":"wp","href":"https:\/\/api.w.org\/{rel}","templated":true}]}}