{"id":40322,"date":"2021-08-03T00:29:59","date_gmt":"2021-08-03T03:29:59","guid":{"rendered":"http:\/\/vocesparalelas.com.ar\/sitio\/?p=40322"},"modified":"2021-08-03T21:51:15","modified_gmt":"2021-08-04T00:51:15","slug":"entregaron-los-premios-del-concurso-infantil-de-dibujo-malvinas-en-nuestros-corazones","status":"publish","type":"post","link":"https:\/\/vocesparalelas.com.ar\/sitio\/entregaron-los-premios-del-concurso-infantil-de-dibujo-malvinas-en-nuestros-corazones\/","title":{"rendered":"Entregaron los premios del Concurso infantil de dibujo \u00abMalvinas en nuestros corazones\u00bb"},"content":{"rendered":"<p>Este lunes se concret\u00f3 la entrega de premios del concurso infantil de dibujo \u00abMalvinas en nuestros corazones\u00bb\u00a0en un trabajo interministerial de las carteras de Gobierno, de Educaci\u00f3n y de Turismo y Cultura.<\/p>\n<p>En un acto encabezado por la ministra de Gobierno, Fabiola Aubone, la jefa de la cartera que organiz\u00f3 el concurso expres\u00f3 que \u00ablos h\u00e9roes aman y siguen amando nuestra Patria, y de este amor tenemos que disponer para sacar adelante a San Juan y a la Argentina\u00bb.<\/p>\n<p>\u00abMas de 200 ni\u00f1os participaron; hogares que se sumaron a discutir esto y a reflexionar sobre la historia de Malvinas, necesaria y fundamental, porque son los m\u00e1s peque\u00f1os los que deber\u00e1n seguir levantando la bandera de soberan\u00eda bien alto\u00bb, asegur\u00f3 Aubone.<\/p>\n<p>Fueron cerca de dos centenas de dibujos que participaron del certamen en dos categor\u00edas, de 6 a 9 a\u00f1os y de 10 a 12 a\u00f1os.<\/p>\n<p><img loading=\"lazy\" decoding=\"async\" class=\"alignnone wp-image-40325 size-large\" src=\"https:\/\/vocesparalelas.com.ar\/sitio\/wp-content\/uploads\/2021\/08\/MALVINAS-CONCURSO-02-800x534.jpg\" alt=\"\" width=\"800\" height=\"534\" srcset=\"https:\/\/vocesparalelas.com.ar\/sitio\/wp-content\/uploads\/2021\/08\/MALVINAS-CONCURSO-02-800x534.jpg 800w, https:\/\/vocesparalelas.com.ar\/sitio\/wp-content\/uploads\/2021\/08\/MALVINAS-CONCURSO-02-300x200.jpg 300w, https:\/\/vocesparalelas.com.ar\/sitio\/wp-content\/uploads\/2021\/08\/MALVINAS-CONCURSO-02-768x512.jpg 768w, https:\/\/vocesparalelas.com.ar\/sitio\/wp-content\/uploads\/2021\/08\/MALVINAS-CONCURSO-02.jpg 1024w\" sizes=\"auto, (max-width: 800px) 100vw, 800px\" \/><\/p>\n<p>Particip\u00f3 en el acto la ministra de Turismo y Cultura, Claudia Grynszpan, el secretario de Relaciones Institucionales, Lic. Marcelo Fretes; la secretaria de Gobierno, Justicia y Derechos Humanos, Nerina Eusebi; el secretario de Tr\u00e1nsito y Transporte, Jorge Armendariz; la secretaria de Cultura, Virgina Agote; el director de Educaci\u00f3n Primaria, Alejandro Lampasona y la directora de Culto y ONG, Liliana Olgu\u00edn.<\/p>\n<p>&nbsp;<\/p>\n<p><img loading=\"lazy\" decoding=\"async\" class=\"alignnone wp-image-40324 size-large\" src=\"https:\/\/vocesparalelas.com.ar\/sitio\/wp-content\/uploads\/2021\/08\/MALVINAS-CONCURSO-01-800x534.jpg\" alt=\"\" width=\"800\" height=\"534\" srcset=\"https:\/\/vocesparalelas.com.ar\/sitio\/wp-content\/uploads\/2021\/08\/MALVINAS-CONCURSO-01-800x534.jpg 800w, https:\/\/vocesparalelas.com.ar\/sitio\/wp-content\/uploads\/2021\/08\/MALVINAS-CONCURSO-01-300x200.jpg 300w, https:\/\/vocesparalelas.com.ar\/sitio\/wp-content\/uploads\/2021\/08\/MALVINAS-CONCURSO-01-768x512.jpg 768w, https:\/\/vocesparalelas.com.ar\/sitio\/wp-content\/uploads\/2021\/08\/MALVINAS-CONCURSO-01.jpg 1024w\" sizes=\"auto, (max-width: 800px) 100vw, 800px\" \/><\/p>\n","protected":false},"excerpt":{"rendered":"<p>Este lunes se concret\u00f3 la entrega de premios del concurso infantil de dibujo \u00abMalvinas en nuestros corazones\u00bb\u00a0en un trabajo interministerial<\/p>\n","protected":false},"author":3,"featured_media":40326,"comment_status":"closed","ping_status":"closed","sticky":false,"template":"","format":"standard","meta":{"_acf_changed":false,"_seopress_robots_primary_cat":"none","_seopress_titles_title":"","_seopress_titles_desc":"","_seopress_robots_index":"","colormag_page_container_layout":"default_layout","colormag_page_sidebar_layout":"default_layout","footnotes":""},"categories":[8],"tags":[],"class_list":["post-40322","post","type-post","status-publish","format-standard","has-post-thumbnail","hentry","category-concursos"],"acf":[],"_links":{"self":[{"href":"https:\/\/vocesparalelas.com.ar\/sitio\/wp-json\/wp\/v2\/posts\/40322","targetHints":{"allow":["GET"]}}],"collection":[{"href":"https:\/\/vocesparalelas.com.ar\/sitio\/wp-json\/wp\/v2\/posts"}],"about":[{"href":"https:\/\/vocesparalelas.com.ar\/sitio\/wp-json\/wp\/v2\/types\/post"}],"author":[{"embeddable":true,"href":"https:\/\/vocesparalelas.com.ar\/sitio\/wp-json\/wp\/v2\/users\/3"}],"replies":[{"embeddable":true,"href":"https:\/\/vocesparalelas.com.ar\/sitio\/wp-json\/wp\/v2\/comments?post=40322"}],"version-history":[{"count":3,"href":"https:\/\/vocesparalelas.com.ar\/sitio\/wp-json\/wp\/v2\/posts\/40322\/revisions"}],"predecessor-version":[{"id":40329,"href":"https:\/\/vocesparalelas.com.ar\/sitio\/wp-json\/wp\/v2\/posts\/40322\/revisions\/40329"}],"wp:featuredmedia":[{"embeddable":true,"href":"https:\/\/vocesparalelas.com.ar\/sitio\/wp-json\/wp\/v2\/media\/40326"}],"wp:attachment":[{"href":"https:\/\/vocesparalelas.com.ar\/sitio\/wp-json\/wp\/v2\/media?parent=40322"}],"wp:term":[{"taxonomy":"category","embeddable":true,"href":"https:\/\/vocesparalelas.com.ar\/sitio\/wp-json\/wp\/v2\/categories?post=40322"},{"taxonomy":"post_tag","embeddable":true,"href":"https:\/\/vocesparalelas.com.ar\/sitio\/wp-json\/wp\/v2\/tags?post=40322"}],"curies":[{"name":"wp","href":"https:\/\/api.w.org\/{rel}","templated":true}]}}