{"id":40318,"date":"2021-08-02T23:51:52","date_gmt":"2021-08-03T02:51:52","guid":{"rendered":"http:\/\/vocesparalelas.com.ar\/sitio\/?p=40318"},"modified":"2021-08-03T21:45:51","modified_gmt":"2021-08-04T00:45:51","slug":"comienza-la-vacunacion-de-adolescentes-de-12-a-17-anos-con-comorbilidades","status":"publish","type":"post","link":"https:\/\/vocesparalelas.com.ar\/sitio\/comienza-la-vacunacion-de-adolescentes-de-12-a-17-anos-con-comorbilidades\/","title":{"rendered":"Comienza la vacunaci\u00f3n de adolescentes de 12 a 17 a\u00f1os con comorbilidades"},"content":{"rendered":"<p>En la tarde del Lunes, 02 de Agosto, durante la reuni\u00f3n virtual del Consejo Federal de Salud &#8211; Cofesa -, los ministros de Salud de todo el pa\u00eds resolvieron que el Martes, 3 de Agosto comienza la vacunaci\u00f3n de los adolescentes priorizados con comorbilidades, que tienen entre 12 a 17 a\u00f1os.<\/p>\n<p>A nivel provincial, esa franja etaria comprende 20.000 adolescentes. Durante la semana pasada llegaron 15.540 dosis de la vacuna Moderna para comenzar a colocar la primera dosis contra el COVID-19 a los adolescentes priorizados entre los 12 a 17 a\u00f1os con factores de riesgo.<\/p>\n<p>Hasta el momento el total de inscriptos en este rango etario asciende a 4.150 y la vacunaci\u00f3n de los mismos comienza a partir del mediod\u00eda.<\/p>\n<p>Los adolescentes comienzan a recibir los turnos por mensaje de texto del 40340 con el horario y el lugar de vacunaci\u00f3n.<\/p>\n<p><span style=\"color: #ff0000;\"><strong>Los requisitos fundamentales<\/strong><\/span><\/p>\n<ul>\n<li>constancia del turno,<\/li>\n<li>DNI,<\/li>\n<li>certificado m\u00e9dico,<\/li>\n<li>asistir con un adultos y<\/li>\n<li>sin s\u00edntomas.<\/li>\n<\/ul>\n<p>La inscripci\u00f3n sigue disponible para los adolescentes priorizados en el sitio<\/p>\n<p style=\"text-align: center;\"><a href=\"https:\/\/sisanjuan.gob.ar\/vacunacionsanjuan\" target=\"_blank\" rel=\"noopener noreferrer\">https:\/\/sisanjuan.gob.ar\/vacunacionsanjuan<\/a><\/p>\n","protected":false},"excerpt":{"rendered":"<p>En la tarde del Lunes, 02 de Agosto, durante la reuni\u00f3n virtual del Consejo Federal de Salud &#8211; Cofesa -,<\/p>\n","protected":false},"author":3,"featured_media":40320,"comment_status":"closed","ping_status":"closed","sticky":false,"template":"","format":"standard","meta":{"_acf_changed":false,"_seopress_robots_primary_cat":"none","_seopress_titles_title":"","_seopress_titles_desc":"","_seopress_robots_index":"","colormag_page_container_layout":"default_layout","colormag_page_sidebar_layout":"default_layout","footnotes":""},"categories":[6],"tags":[],"class_list":["post-40318","post","type-post","status-publish","format-standard","has-post-thumbnail","hentry","category-eventos"],"acf":[],"_links":{"self":[{"href":"https:\/\/vocesparalelas.com.ar\/sitio\/wp-json\/wp\/v2\/posts\/40318","targetHints":{"allow":["GET"]}}],"collection":[{"href":"https:\/\/vocesparalelas.com.ar\/sitio\/wp-json\/wp\/v2\/posts"}],"about":[{"href":"https:\/\/vocesparalelas.com.ar\/sitio\/wp-json\/wp\/v2\/types\/post"}],"author":[{"embeddable":true,"href":"https:\/\/vocesparalelas.com.ar\/sitio\/wp-json\/wp\/v2\/users\/3"}],"replies":[{"embeddable":true,"href":"https:\/\/vocesparalelas.com.ar\/sitio\/wp-json\/wp\/v2\/comments?post=40318"}],"version-history":[{"count":1,"href":"https:\/\/vocesparalelas.com.ar\/sitio\/wp-json\/wp\/v2\/posts\/40318\/revisions"}],"predecessor-version":[{"id":40321,"href":"https:\/\/vocesparalelas.com.ar\/sitio\/wp-json\/wp\/v2\/posts\/40318\/revisions\/40321"}],"wp:featuredmedia":[{"embeddable":true,"href":"https:\/\/vocesparalelas.com.ar\/sitio\/wp-json\/wp\/v2\/media\/40320"}],"wp:attachment":[{"href":"https:\/\/vocesparalelas.com.ar\/sitio\/wp-json\/wp\/v2\/media?parent=40318"}],"wp:term":[{"taxonomy":"category","embeddable":true,"href":"https:\/\/vocesparalelas.com.ar\/sitio\/wp-json\/wp\/v2\/categories?post=40318"},{"taxonomy":"post_tag","embeddable":true,"href":"https:\/\/vocesparalelas.com.ar\/sitio\/wp-json\/wp\/v2\/tags?post=40318"}],"curies":[{"name":"wp","href":"https:\/\/api.w.org\/{rel}","templated":true}]}}