{"id":40298,"date":"2021-08-02T23:01:51","date_gmt":"2021-08-03T02:01:51","guid":{"rendered":"http:\/\/vocesparalelas.com.ar\/sitio\/?p=40298"},"modified":"2021-08-03T21:47:19","modified_gmt":"2021-08-04T00:47:19","slug":"pusieron-en-funciones-a-los-integrantes-del-gabinete-de-gestion-2021-2025-de-la-ffha-de-la-unsj","status":"publish","type":"post","link":"https:\/\/vocesparalelas.com.ar\/sitio\/pusieron-en-funciones-a-los-integrantes-del-gabinete-de-gestion-2021-2025-de-la-ffha-de-la-unsj\/","title":{"rendered":"Pusieron en funciones a los integrantes del gabinete de gesti\u00f3n 2021 &#8211; 2025 de la FFHA de la UNSJ"},"content":{"rendered":"<p>El Aula Magna de la Facultad de Filosof\u00eda, Humanidades y Artes de la Universidad Nacional de San Juan se desarroll\u00f3 el acto donde se entregaron\u00a0resoluciones a los secretarios y consejeros directivos.<\/p>\n<p>Los responsables fueron la decana de la FFHA de la UNSJ, Mg. Myriam Arrabal junto al vicedecano Prof. Marcelo V\u00e1zquez, rector de la UNSJ, Ing. Tadeo Berenguer y la vicerrectora Dra. Anal\u00eda Ponce, quienes firmaron el libro de actas de la Unidad Acad\u00e9mica.<\/p>\n<ul>\n<li>Secretar\u00eda Acad\u00e9mica, Esp. Prof. Andrea Lecetta<\/li>\n<li>Secretar\u00eda de Extensi\u00f3n, Mg. Patricia Blanco<\/li>\n<li>Secretar\u00eda de Investigaci\u00f3n y Creaci\u00f3n, Mg. Rosa Garbarino<\/li>\n<li>Secretar\u00eda de Asuntos Estudiantiles, Esp. Lic. Javier Gil<\/li>\n<li>Secretar\u00eda Administrativo-Financiera, CPN Julio Rosales<\/li>\n<li>Direcci\u00f3n de Estudios de Posgrado, Dra. Beatriz Podest\u00e1<\/li>\n<\/ul>\n<p><img loading=\"lazy\" decoding=\"async\" class=\"alignnone wp-image-40301 size-full\" src=\"https:\/\/vocesparalelas.com.ar\/sitio\/wp-content\/uploads\/2021\/08\/FFHA-02.jpg\" alt=\"\" width=\"800\" height=\"533\" srcset=\"https:\/\/vocesparalelas.com.ar\/sitio\/wp-content\/uploads\/2021\/08\/FFHA-02.jpg 800w, https:\/\/vocesparalelas.com.ar\/sitio\/wp-content\/uploads\/2021\/08\/FFHA-02-300x200.jpg 300w, https:\/\/vocesparalelas.com.ar\/sitio\/wp-content\/uploads\/2021\/08\/FFHA-02-768x512.jpg 768w\" sizes=\"auto, (max-width: 800px) 100vw, 800px\" \/><\/p>\n<p>&nbsp;<\/p>\n<p><img loading=\"lazy\" decoding=\"async\" class=\"alignnone wp-image-40303 size-full\" src=\"https:\/\/vocesparalelas.com.ar\/sitio\/wp-content\/uploads\/2021\/08\/FFHA-04.jpg\" alt=\"\" width=\"800\" height=\"533\" srcset=\"https:\/\/vocesparalelas.com.ar\/sitio\/wp-content\/uploads\/2021\/08\/FFHA-04.jpg 800w, https:\/\/vocesparalelas.com.ar\/sitio\/wp-content\/uploads\/2021\/08\/FFHA-04-300x200.jpg 300w, https:\/\/vocesparalelas.com.ar\/sitio\/wp-content\/uploads\/2021\/08\/FFHA-04-768x512.jpg 768w\" sizes=\"auto, (max-width: 800px) 100vw, 800px\" \/><\/p>\n<p>Luego de la entrega de resoluciones y r\u00fabricas en el Libro de Actas de la UNSJ, la decana Myriam Arrabal se dirigi\u00f3 a los presentes al expresar \u00abnos reunimos con una misi\u00f3n compartida, somos conscientes de la necesidad de que la universidad se transforme para adecuarse a los nuevos tiempos. Lo que se reclama en este aqu\u00ed y ahora es una conducci\u00f3n sensible, enfocada en mejorar la calidad de la educaci\u00f3n como pilar esencial en el desarrollo local y regional\u201d, dijo. Tambi\u00e9n habl\u00f3 de \u201creivindicar un concepto de pol\u00edtica como convivencia, incluyendo antagonismos que comparten distintos matices de los mismos valores\u201d y que \u201cojal\u00e1 que el imperativo de una nueva cercan\u00eda, de un contacto renovado, para que acortemos distancias, discutamos c\u00f3mo incluir, c\u00f3mo tejer redes, c\u00f3mo sentarnos con otros para dar respuesta a los requerimientos actuales\u201d.<\/p>\n<p><iframe loading=\"lazy\" title=\"FFHA UNJS\" width=\"800\" height=\"450\" src=\"https:\/\/www.youtube.com\/embed\/sXZPonia7xs?feature=oembed\" frameborder=\"0\" allow=\"accelerometer; autoplay; clipboard-write; encrypted-media; gyroscope; picture-in-picture\" allowfullscreen><\/iframe><\/p>\n<p>Luego, el rector de la UNSJ, Ing. Tadeo Berenguer puntualiz\u00f3 que \u00abla satisfacci\u00f3n por la puesta en funciones de las nuevas autoridades. Estamos trabajando para salir de esta situaci\u00f3n tan dif\u00edcil que enfrenta la comunidad mundial, este tiempo de pandemia que requiere lo mejor de cada uno de nosotros. Convoco a todas y todos los miembros de esta Facultad de Filosof\u00eda para seguir trabajando en conjunto y en forma m\u00e1s intensa. Va a ser fundamental en la ampliaci\u00f3n de la territorialidad de esta universidad, seguir profundizando esta experiencia no s\u00f3lo en diplomaturas, sino tambi\u00e9n en carreras que esta facultad ya ha llevado adelante\u201d.<\/p>\n<p><iframe loading=\"lazy\" title=\"FFHA UNSJ\" width=\"800\" height=\"450\" src=\"https:\/\/www.youtube.com\/embed\/l1ELFOc53NE?feature=oembed\" frameborder=\"0\" allow=\"accelerometer; autoplay; clipboard-write; encrypted-media; gyroscope; picture-in-picture\" allowfullscreen><\/iframe><\/p>\n<p>Seguidamente, se le rindi\u00f3 un recordatorio a los que ya no est\u00e1n en la FFHA de la UNSJ porque pasaron a la eternidad. Fue un momento muy emotivo.<\/p>\n<p>A continuaci\u00f3n, desde el Departamento de M\u00fasica las alumnas de violoncello, Maiten Benavides y Carla Franchile pusieron el color interpretativo de 2 Movimientos de Concierto.<\/p>\n<p><iframe loading=\"lazy\" title=\"FFHA UNSJ\" width=\"800\" height=\"450\" src=\"https:\/\/www.youtube.com\/embed\/3yo3DmsJ1xo?feature=oembed\" frameborder=\"0\" allow=\"accelerometer; autoplay; clipboard-write; encrypted-media; gyroscope; picture-in-picture\" allowfullscreen><\/iframe><\/p>\n<p>&nbsp;<\/p>\n<p><img loading=\"lazy\" decoding=\"async\" class=\"alignnone wp-image-40305 size-full\" src=\"https:\/\/vocesparalelas.com.ar\/sitio\/wp-content\/uploads\/2021\/08\/FFHA-06.jpg\" alt=\"\" width=\"800\" height=\"533\" srcset=\"https:\/\/vocesparalelas.com.ar\/sitio\/wp-content\/uploads\/2021\/08\/FFHA-06.jpg 800w, https:\/\/vocesparalelas.com.ar\/sitio\/wp-content\/uploads\/2021\/08\/FFHA-06-300x200.jpg 300w, https:\/\/vocesparalelas.com.ar\/sitio\/wp-content\/uploads\/2021\/08\/FFHA-06-768x512.jpg 768w\" sizes=\"auto, (max-width: 800px) 100vw, 800px\" \/><\/p>\n<p><iframe loading=\"lazy\" title=\"FFHA UNSJ\" width=\"800\" height=\"450\" src=\"https:\/\/www.youtube.com\/embed\/V0TDGkuvnB4?feature=oembed\" frameborder=\"0\" allow=\"accelerometer; autoplay; clipboard-write; encrypted-media; gyroscope; picture-in-picture\" allowfullscreen><\/iframe><\/p>\n<p>\u00abAdi\u00f3s Nonino\u00bb de Astor Piazzolla con arreglo para dos violoncello<\/p>\n<p><iframe loading=\"lazy\" title=\"FFHA UNSJ\" width=\"800\" height=\"450\" src=\"https:\/\/www.youtube.com\/embed\/wSd4sQJWcnw?feature=oembed\" frameborder=\"0\" allow=\"accelerometer; autoplay; clipboard-write; encrypted-media; gyroscope; picture-in-picture\" allowfullscreen><\/iframe><\/p>\n<p>&nbsp;<\/p>\n<p><img loading=\"lazy\" decoding=\"async\" class=\"alignnone wp-image-40300 size-full\" src=\"https:\/\/vocesparalelas.com.ar\/sitio\/wp-content\/uploads\/2021\/08\/FFHA-01.jpg\" alt=\"\" width=\"800\" height=\"533\" srcset=\"https:\/\/vocesparalelas.com.ar\/sitio\/wp-content\/uploads\/2021\/08\/FFHA-01.jpg 800w, https:\/\/vocesparalelas.com.ar\/sitio\/wp-content\/uploads\/2021\/08\/FFHA-01-300x200.jpg 300w, https:\/\/vocesparalelas.com.ar\/sitio\/wp-content\/uploads\/2021\/08\/FFHA-01-768x512.jpg 768w\" sizes=\"auto, (max-width: 800px) 100vw, 800px\" \/><\/p>\n<p>&nbsp;<\/p>\n<p>&nbsp;<\/p>\n","protected":false},"excerpt":{"rendered":"<p>El Aula Magna de la Facultad de Filosof\u00eda, Humanidades y Artes de la Universidad Nacional de San Juan se desarroll\u00f3<\/p>\n","protected":false},"author":3,"featured_media":40307,"comment_status":"closed","ping_status":"closed","sticky":false,"template":"","format":"standard","meta":{"_acf_changed":false,"_seopress_robots_primary_cat":"none","_seopress_titles_title":"","_seopress_titles_desc":"","_seopress_robots_index":"","colormag_page_container_layout":"default_layout","colormag_page_sidebar_layout":"default_layout","footnotes":""},"categories":[10,7],"tags":[],"class_list":["post-40298","post","type-post","status-publish","format-standard","has-post-thumbnail","hentry","category-opiniones","category-videos"],"acf":[],"_links":{"self":[{"href":"https:\/\/vocesparalelas.com.ar\/sitio\/wp-json\/wp\/v2\/posts\/40298","targetHints":{"allow":["GET"]}}],"collection":[{"href":"https:\/\/vocesparalelas.com.ar\/sitio\/wp-json\/wp\/v2\/posts"}],"about":[{"href":"https:\/\/vocesparalelas.com.ar\/sitio\/wp-json\/wp\/v2\/types\/post"}],"author":[{"embeddable":true,"href":"https:\/\/vocesparalelas.com.ar\/sitio\/wp-json\/wp\/v2\/users\/3"}],"replies":[{"embeddable":true,"href":"https:\/\/vocesparalelas.com.ar\/sitio\/wp-json\/wp\/v2\/comments?post=40298"}],"version-history":[{"count":2,"href":"https:\/\/vocesparalelas.com.ar\/sitio\/wp-json\/wp\/v2\/posts\/40298\/revisions"}],"predecessor-version":[{"id":40314,"href":"https:\/\/vocesparalelas.com.ar\/sitio\/wp-json\/wp\/v2\/posts\/40298\/revisions\/40314"}],"wp:featuredmedia":[{"embeddable":true,"href":"https:\/\/vocesparalelas.com.ar\/sitio\/wp-json\/wp\/v2\/media\/40307"}],"wp:attachment":[{"href":"https:\/\/vocesparalelas.com.ar\/sitio\/wp-json\/wp\/v2\/media?parent=40298"}],"wp:term":[{"taxonomy":"category","embeddable":true,"href":"https:\/\/vocesparalelas.com.ar\/sitio\/wp-json\/wp\/v2\/categories?post=40298"},{"taxonomy":"post_tag","embeddable":true,"href":"https:\/\/vocesparalelas.com.ar\/sitio\/wp-json\/wp\/v2\/tags?post=40298"}],"curies":[{"name":"wp","href":"https:\/\/api.w.org\/{rel}","templated":true}]}}