{"id":40269,"date":"2021-08-01T19:13:06","date_gmt":"2021-08-01T22:13:06","guid":{"rendered":"http:\/\/vocesparalelas.com.ar\/sitio\/?p=40269"},"modified":"2021-08-01T19:22:11","modified_gmt":"2021-08-01T22:22:11","slug":"presencialidad-medida-segun-actas-paritarias-locales-n-99-y-101-de-la-unsj","status":"publish","type":"post","link":"https:\/\/vocesparalelas.com.ar\/sitio\/presencialidad-medida-segun-actas-paritarias-locales-n-99-y-101-de-la-unsj\/","title":{"rendered":"Presencialidad medida seg\u00fan actas paritarias locales N\u00b0 99 y 101 de la UNSJ"},"content":{"rendered":"<p>El gremio ADICUS informa a los docentes universitarios y preuniversitarios de la UNSJ, que los Institutos Preuniversitarios regresan a la presencialidad medida respetando las actas paritarias locales n\u00famero 99 y 101.<\/p>\n<p>Es importante recordar que las dispensas establecidas en todos los acuerdos paritarios locales contin\u00faan vigentes para toda la docencia de la Universidad Nacional de San Juan.<\/p>\n<p>Por \u00faltimo, pero no menos importante, cualquier modificaci\u00f3n en las condiciones laborales del espacio es discutido en el \u00e1mbito de la paritaria local en su debido momento.<\/p>\n<p>Desde ADICUS siguen trabajando para garantizar los derechos laborales de toda la docencia universitaria y preuniversitaria de la UNSJ, siempre en mejorar las condiciones de trabajo resguardando la salud y la seguridad en el \u00e1mbito laboral.<\/p>\n<p>#ADICUS #ElGremioUniversitario<\/p>\n<p><img loading=\"lazy\" decoding=\"async\" class=\"alignnone wp-image-40272 size-full\" src=\"https:\/\/vocesparalelas.com.ar\/sitio\/wp-content\/uploads\/2021\/08\/ADICUS-PRESENTE.jpg\" alt=\"\" width=\"800\" height=\"753\" \/><\/p>\n","protected":false},"excerpt":{"rendered":"<p>El gremio ADICUS informa a los docentes universitarios y preuniversitarios de la UNSJ, que los Institutos Preuniversitarios regresan a la<\/p>\n","protected":false},"author":3,"featured_media":12481,"comment_status":"closed","ping_status":"closed","sticky":false,"template":"","format":"standard","meta":{"_acf_changed":false,"_seopress_robots_primary_cat":"none","_seopress_titles_title":"","_seopress_titles_desc":"","_seopress_robots_index":"","colormag_page_container_layout":"default_layout","colormag_page_sidebar_layout":"default_layout","footnotes":""},"categories":[1],"tags":[],"class_list":["post-40269","post","type-post","status-publish","format-standard","has-post-thumbnail","hentry","category-destacadas"],"acf":[],"_links":{"self":[{"href":"https:\/\/vocesparalelas.com.ar\/sitio\/wp-json\/wp\/v2\/posts\/40269","targetHints":{"allow":["GET"]}}],"collection":[{"href":"https:\/\/vocesparalelas.com.ar\/sitio\/wp-json\/wp\/v2\/posts"}],"about":[{"href":"https:\/\/vocesparalelas.com.ar\/sitio\/wp-json\/wp\/v2\/types\/post"}],"author":[{"embeddable":true,"href":"https:\/\/vocesparalelas.com.ar\/sitio\/wp-json\/wp\/v2\/users\/3"}],"replies":[{"embeddable":true,"href":"https:\/\/vocesparalelas.com.ar\/sitio\/wp-json\/wp\/v2\/comments?post=40269"}],"version-history":[{"count":3,"href":"https:\/\/vocesparalelas.com.ar\/sitio\/wp-json\/wp\/v2\/posts\/40269\/revisions"}],"predecessor-version":[{"id":40274,"href":"https:\/\/vocesparalelas.com.ar\/sitio\/wp-json\/wp\/v2\/posts\/40269\/revisions\/40274"}],"wp:featuredmedia":[{"embeddable":true,"href":"https:\/\/vocesparalelas.com.ar\/sitio\/wp-json\/wp\/v2\/media\/12481"}],"wp:attachment":[{"href":"https:\/\/vocesparalelas.com.ar\/sitio\/wp-json\/wp\/v2\/media?parent=40269"}],"wp:term":[{"taxonomy":"category","embeddable":true,"href":"https:\/\/vocesparalelas.com.ar\/sitio\/wp-json\/wp\/v2\/categories?post=40269"},{"taxonomy":"post_tag","embeddable":true,"href":"https:\/\/vocesparalelas.com.ar\/sitio\/wp-json\/wp\/v2\/tags?post=40269"}],"curies":[{"name":"wp","href":"https:\/\/api.w.org\/{rel}","templated":true}]}}