{"id":40152,"date":"2021-07-28T00:52:45","date_gmt":"2021-07-28T03:52:45","guid":{"rendered":"http:\/\/vocesparalelas.com.ar\/sitio\/?p=40152"},"modified":"2021-07-28T00:52:45","modified_gmt":"2021-07-28T03:52:45","slug":"avances-hacia-las-clases-presencialidad-en-los-institutos-preuniversitarios-de-la-unsj","status":"publish","type":"post","link":"https:\/\/vocesparalelas.com.ar\/sitio\/avances-hacia-las-clases-presencialidad-en-los-institutos-preuniversitarios-de-la-unsj\/","title":{"rendered":"Avances hacia las clases presencialidad en los institutos preuniversitarios de la UNSJ"},"content":{"rendered":"<p>Despu\u00e9s de la la reuni\u00f3n del Consejo Asesor de Ense\u00f1anza Secundaria \u2013 CAES \u2013 donde por unanimidad se acord\u00f3 la vuelta a las clases presenciales en los Institutos preuniversitarios de la UNSJ, el Rector, Ing. Tadeo Berenguer manifest\u00f3 los avances que se presentan y satisfacer las necesidades acad\u00e9micas.<\/p>\n<p>&nbsp;<\/p>\n<p><iframe loading=\"lazy\" title=\"UNSJ ING TADEO BERENGUER\" width=\"800\" height=\"450\" src=\"https:\/\/www.youtube.com\/embed\/DwIFcCX2UB0?feature=oembed\" frameborder=\"0\" allow=\"accelerometer; autoplay; clipboard-write; encrypted-media; gyroscope; picture-in-picture\" allowfullscreen><\/iframe><\/p>\n<p>&nbsp;<\/p>\n<p><img loading=\"lazy\" decoding=\"async\" class=\"alignnone wp-image-37900 size-full\" src=\"https:\/\/vocesparalelas.com.ar\/sitio\/wp-content\/uploads\/2021\/05\/UNSJ-LOGOTIPO-01.jpg\" alt=\"\" width=\"800\" height=\"533\" srcset=\"https:\/\/vocesparalelas.com.ar\/sitio\/wp-content\/uploads\/2021\/05\/UNSJ-LOGOTIPO-01.jpg 800w, https:\/\/vocesparalelas.com.ar\/sitio\/wp-content\/uploads\/2021\/05\/UNSJ-LOGOTIPO-01-300x200.jpg 300w, https:\/\/vocesparalelas.com.ar\/sitio\/wp-content\/uploads\/2021\/05\/UNSJ-LOGOTIPO-01-768x512.jpg 768w\" sizes=\"auto, (max-width: 800px) 100vw, 800px\" \/><\/p>\n","protected":false},"excerpt":{"rendered":"<p>Despu\u00e9s de la la reuni\u00f3n del Consejo Asesor de Ense\u00f1anza Secundaria \u2013 CAES \u2013 donde por unanimidad se acord\u00f3 la<\/p>\n","protected":false},"author":3,"featured_media":40154,"comment_status":"closed","ping_status":"closed","sticky":false,"template":"","format":"standard","meta":{"_acf_changed":false,"_seopress_robots_primary_cat":"none","_seopress_titles_title":"","_seopress_titles_desc":"","_seopress_robots_index":"","colormag_page_container_layout":"default_layout","colormag_page_sidebar_layout":"default_layout","footnotes":""},"categories":[1],"tags":[],"class_list":["post-40152","post","type-post","status-publish","format-standard","has-post-thumbnail","hentry","category-destacadas"],"acf":[],"_links":{"self":[{"href":"https:\/\/vocesparalelas.com.ar\/sitio\/wp-json\/wp\/v2\/posts\/40152","targetHints":{"allow":["GET"]}}],"collection":[{"href":"https:\/\/vocesparalelas.com.ar\/sitio\/wp-json\/wp\/v2\/posts"}],"about":[{"href":"https:\/\/vocesparalelas.com.ar\/sitio\/wp-json\/wp\/v2\/types\/post"}],"author":[{"embeddable":true,"href":"https:\/\/vocesparalelas.com.ar\/sitio\/wp-json\/wp\/v2\/users\/3"}],"replies":[{"embeddable":true,"href":"https:\/\/vocesparalelas.com.ar\/sitio\/wp-json\/wp\/v2\/comments?post=40152"}],"version-history":[{"count":1,"href":"https:\/\/vocesparalelas.com.ar\/sitio\/wp-json\/wp\/v2\/posts\/40152\/revisions"}],"predecessor-version":[{"id":40155,"href":"https:\/\/vocesparalelas.com.ar\/sitio\/wp-json\/wp\/v2\/posts\/40152\/revisions\/40155"}],"wp:featuredmedia":[{"embeddable":true,"href":"https:\/\/vocesparalelas.com.ar\/sitio\/wp-json\/wp\/v2\/media\/40154"}],"wp:attachment":[{"href":"https:\/\/vocesparalelas.com.ar\/sitio\/wp-json\/wp\/v2\/media?parent=40152"}],"wp:term":[{"taxonomy":"category","embeddable":true,"href":"https:\/\/vocesparalelas.com.ar\/sitio\/wp-json\/wp\/v2\/categories?post=40152"},{"taxonomy":"post_tag","embeddable":true,"href":"https:\/\/vocesparalelas.com.ar\/sitio\/wp-json\/wp\/v2\/tags?post=40152"}],"curies":[{"name":"wp","href":"https:\/\/api.w.org\/{rel}","templated":true}]}}